{"id":6565,"date":"2026-04-28T13:31:53","date_gmt":"2026-04-28T11:31:53","guid":{"rendered":"https:\/\/www.fundacioiris.org\/?p=6565"},"modified":"2026-04-28T13:31:53","modified_gmt":"2026-04-28T11:31:53","slug":"nuevo-circuito-biosaludable-en-el-espai-vida-de-la-fundacio-iris","status":"publish","type":"post","link":"https:\/\/www.fundacioiris.org\/es\/nuevo-circuito-biosaludable-en-el-espai-vida-de-la-fundacio-iris\/","title":{"rendered":"Nuevo circuito biosaludable en el Espai Vida de la Fundaci\u00f3 Iris"},"content":{"rendered":"<h3 data-section-id=\"1oagz7n\" data-start=\"157\" data-end=\"234\">Un espacio para promover la actividad f\u00edsica, la autonom\u00eda y el bienestar<\/h3>\n<p data-start=\"236\" data-end=\"459\">En la Fundaci\u00f3 Iris hemos puesto en marcha el nuevo circuito biosaludable del Espai Vida, un proyecto orientado a fomentar la actividad f\u00edsica y mejorar la calidad de vida de las personas con discapacidad intelectual.<\/p>\n<p data-start=\"461\" data-end=\"807\">Este nuevo espacio permite integrar el movimiento en el d\u00eda a d\u00eda, favoreciendo h\u00e1bitos saludables y generando un entorno accesible, inclusivo y conectado con la naturaleza. El circuito est\u00e1 dise\u00f1ado para que las personas usuarias puedan realizar ejercicio de manera segura, adaptada y aut\u00f3noma, contribuyendo a su bienestar f\u00edsico y emocional.<\/p>\n<p data-start=\"809\" data-end=\"965\">M\u00e1s all\u00e1 de la pr\u00e1ctica deportiva, este proyecto refuerza aspectos clave como la confianza personal, la autonom\u00eda y la participaci\u00f3n activa en su entorno.<\/p>\n<p data-start=\"967\" data-end=\"1084\">Este proyecto ha sido posible gracias al apoyo del Departament de Drets Socials de la Generalitat de Catalunya.<\/p>\n<p data-start=\"1086\" data-end=\"1231\" data-is-last-node=\"\" data-is-only-node=\"\">Desde la Fundaci\u00f3 Iris seguimos trabajando para impulsar iniciativas que generen oportunidades reales y contribuyan a una sociedad m\u00e1s inclusiva.<\/p>\n<p data-start=\"1086\" data-end=\"1231\" data-is-last-node=\"\" data-is-only-node=\"\"><img loading=\"lazy\" decoding=\"async\" class=\"alignnone size-large wp-image-6556\" src=\"http:\/\/www.fundacioiris.org\/wp-content\/uploads\/2026\/04\/4-3-819x1024.jpg\" alt=\"\" width=\"819\" height=\"1024\" srcset=\"https:\/\/www.fundacioiris.org\/wp-content\/uploads\/2026\/04\/4-3-819x1024.jpg 819w, https:\/\/www.fundacioiris.org\/wp-content\/uploads\/2026\/04\/4-3-240x300.jpg 240w, https:\/\/www.fundacioiris.org\/wp-content\/uploads\/2026\/04\/4-3-768x960.jpg 768w, https:\/\/www.fundacioiris.org\/wp-content\/uploads\/2026\/04\/4-3.jpg 1080w\" sizes=\"(max-width: 819px) 100vw, 819px\" \/><img loading=\"lazy\" decoding=\"async\" class=\"alignnone size-large wp-image-6558\" src=\"http:\/\/www.fundacioiris.org\/wp-content\/uploads\/2026\/04\/6-819x1024.jpg\" alt=\"\" width=\"819\" height=\"1024\" srcset=\"https:\/\/www.fundacioiris.org\/wp-content\/uploads\/2026\/04\/6-819x1024.jpg 819w, https:\/\/www.fundacioiris.org\/wp-content\/uploads\/2026\/04\/6-240x300.jpg 240w, https:\/\/www.fundacioiris.org\/wp-content\/uploads\/2026\/04\/6-768x960.jpg 768w, https:\/\/www.fundacioiris.org\/wp-content\/uploads\/2026\/04\/6.jpg 1080w\" sizes=\"(max-width: 819px) 100vw, 819px\" \/><img loading=\"lazy\" decoding=\"async\" class=\"alignnone size-large wp-image-6560\" src=\"http:\/\/www.fundacioiris.org\/wp-content\/uploads\/2026\/04\/8-819x1024.jpg\" alt=\"\" width=\"819\" height=\"1024\" srcset=\"https:\/\/www.fundacioiris.org\/wp-content\/uploads\/2026\/04\/8-819x1024.jpg 819w, https:\/\/www.fundacioiris.org\/wp-content\/uploads\/2026\/04\/8-240x300.jpg 240w, https:\/\/www.fundacioiris.org\/wp-content\/uploads\/2026\/04\/8-768x960.jpg 768w, https:\/\/www.fundacioiris.org\/wp-content\/uploads\/2026\/04\/8.jpg 1080w\" sizes=\"(max-width: 819px) 100vw, 819px\" \/><img loading=\"lazy\" decoding=\"async\" class=\"alignnone size-large wp-image-6562\" src=\"http:\/\/www.fundacioiris.org\/wp-content\/uploads\/2026\/04\/9-819x1024.jpg\" alt=\"\" width=\"819\" height=\"1024\" srcset=\"https:\/\/www.fundacioiris.org\/wp-content\/uploads\/2026\/04\/9-819x1024.jpg 819w, https:\/\/www.fundacioiris.org\/wp-content\/uploads\/2026\/04\/9-240x300.jpg 240w, https:\/\/www.fundacioiris.org\/wp-content\/uploads\/2026\/04\/9-768x960.jpg 768w, https:\/\/www.fundacioiris.org\/wp-content\/uploads\/2026\/04\/9.jpg 1080w\" sizes=\"(max-width: 819px) 100vw, 819px\" \/><\/p>\n","protected":false},"excerpt":{"rendered":"<p>Un espacio para promover la actividad f\u00edsica, la autonom\u00eda y el bienestar En la Fundaci\u00f3 Iris hemos puesto en marcha el nuevo circuito biosaludable del Espai Vida, un proyecto orientado a fomentar la actividad f\u00edsica y mejorar la calidad de vida de las personas con discapacidad intelectual. Este nuevo espacio permite integrar el movimiento en<\/p>\n","protected":false},"author":3,"featured_media":6562,"comment_status":"closed","ping_status":"closed","sticky":false,"template":"","format":"standard","meta":{"_acf_changed":false,"footnotes":""},"categories":[26],"tags":[],"acf":[],"yoast_head":"<!-- This site is optimized with the Yoast SEO plugin v24.5 - https:\/\/yoast.com\/wordpress\/plugins\/seo\/ -->\n<title>Nuevo circuito biosaludable en el Espai Vida de la Fundaci\u00f3 Iris | Fundaci\u00f3 Iris<\/title>\n<meta name=\"description\" content=\"Un espacio para promover la actividad f\u00edsica, la autonom\u00eda y el bienestar En la Fundaci\u00f3 Iris hemos puesto en marcha el nuevo circuito biosaludable del\" \/>\n<meta name=\"robots\" content=\"index, follow, max-snippet:-1, max-image-preview:large, max-video-preview:-1\" \/>\n<link rel=\"canonical\" href=\"https:\/\/www.fundacioiris.org\/es\/nuevo-circuito-biosaludable-en-el-espai-vida-de-la-fundacio-iris\/\" \/>\n<meta property=\"og:locale\" content=\"es_ES\" \/>\n<meta property=\"og:type\" content=\"article\" \/>\n<meta property=\"og:title\" content=\"Nuevo circuito biosaludable en el Espai Vida de la Fundaci\u00f3 Iris | Fundaci\u00f3 Iris\" \/>\n<meta property=\"og:description\" content=\"Un espacio para promover la actividad f\u00edsica, la autonom\u00eda y el bienestar En la Fundaci\u00f3 Iris hemos puesto en marcha el nuevo circuito biosaludable del\" \/>\n<meta property=\"og:url\" content=\"https:\/\/www.fundacioiris.org\/es\/nuevo-circuito-biosaludable-en-el-espai-vida-de-la-fundacio-iris\/\" \/>\n<meta property=\"og:site_name\" content=\"Fundaci\u00f3 Iris\" \/>\n<meta property=\"article:author\" content=\"https:\/\/www.facebook.com\/fundacioiris\" \/>\n<meta property=\"article:published_time\" content=\"2026-04-28T11:31:53+00:00\" \/>\n<meta property=\"og:image\" content=\"http:\/\/www.fundacioiris.org\/wp-content\/uploads\/2026\/04\/9.jpg\" \/>\n\t<meta property=\"og:image:width\" content=\"1080\" \/>\n\t<meta property=\"og:image:height\" content=\"1350\" \/>\n\t<meta property=\"og:image:type\" content=\"image\/jpeg\" \/>\n<meta name=\"author\" content=\"fundacioiris\" \/>\n<meta name=\"twitter:card\" content=\"summary_large_image\" \/>\n<meta name=\"twitter:label1\" content=\"Escrito por\" \/>\n\t<meta name=\"twitter:data1\" content=\"fundacioiris\" \/>\n\t<meta name=\"twitter:label2\" content=\"Tiempo de lectura\" \/>\n\t<meta name=\"twitter:data2\" content=\"2 minutos\" \/>\n<script type=\"application\/ld+json\" class=\"yoast-schema-graph\">{\"@context\":\"https:\/\/schema.org\",\"@graph\":[{\"@type\":\"WebPage\",\"@id\":\"https:\/\/www.fundacioiris.org\/es\/nuevo-circuito-biosaludable-en-el-espai-vida-de-la-fundacio-iris\/\",\"url\":\"https:\/\/www.fundacioiris.org\/es\/nuevo-circuito-biosaludable-en-el-espai-vida-de-la-fundacio-iris\/\",\"name\":\"Nuevo circuito biosaludable en el Espai Vida de la Fundaci\u00f3 Iris | Fundaci\u00f3 Iris\",\"isPartOf\":{\"@id\":\"https:\/\/www.fundacioiris.org\/es\/#website\"},\"primaryImageOfPage\":{\"@id\":\"https:\/\/www.fundacioiris.org\/es\/nuevo-circuito-biosaludable-en-el-espai-vida-de-la-fundacio-iris\/#primaryimage\"},\"image\":{\"@id\":\"https:\/\/www.fundacioiris.org\/es\/nuevo-circuito-biosaludable-en-el-espai-vida-de-la-fundacio-iris\/#primaryimage\"},\"thumbnailUrl\":\"https:\/\/www.fundacioiris.org\/wp-content\/uploads\/2026\/04\/9.jpg\",\"datePublished\":\"2026-04-28T11:31:53+00:00\",\"author\":{\"@id\":\"https:\/\/www.fundacioiris.org\/es\/#\/schema\/person\/3424a3bd8939b591fd8b648e56175712\"},\"description\":\"Un espacio para promover la actividad f\u00edsica, la autonom\u00eda y el bienestar En la Fundaci\u00f3 Iris hemos puesto en marcha el nuevo circuito biosaludable del\",\"breadcrumb\":{\"@id\":\"https:\/\/www.fundacioiris.org\/es\/nuevo-circuito-biosaludable-en-el-espai-vida-de-la-fundacio-iris\/#breadcrumb\"},\"inLanguage\":\"es\",\"potentialAction\":[{\"@type\":\"ReadAction\",\"target\":[\"https:\/\/www.fundacioiris.org\/es\/nuevo-circuito-biosaludable-en-el-espai-vida-de-la-fundacio-iris\/\"]}]},{\"@type\":\"ImageObject\",\"inLanguage\":\"es\",\"@id\":\"https:\/\/www.fundacioiris.org\/es\/nuevo-circuito-biosaludable-en-el-espai-vida-de-la-fundacio-iris\/#primaryimage\",\"url\":\"https:\/\/www.fundacioiris.org\/wp-content\/uploads\/2026\/04\/9.jpg\",\"contentUrl\":\"https:\/\/www.fundacioiris.org\/wp-content\/uploads\/2026\/04\/9.jpg\",\"width\":1080,\"height\":1350},{\"@type\":\"BreadcrumbList\",\"@id\":\"https:\/\/www.fundacioiris.org\/es\/nuevo-circuito-biosaludable-en-el-espai-vida-de-la-fundacio-iris\/#breadcrumb\",\"itemListElement\":[{\"@type\":\"ListItem\",\"position\":1,\"name\":\"Inici\",\"item\":\"https:\/\/www.fundacioiris.org\/es\/\"},{\"@type\":\"ListItem\",\"position\":2,\"name\":\"Nuevo circuito biosaludable en el Espai Vida de la Fundaci\u00f3 Iris\"}]},{\"@type\":\"WebSite\",\"@id\":\"https:\/\/www.fundacioiris.org\/es\/#website\",\"url\":\"https:\/\/www.fundacioiris.org\/es\/\",\"name\":\"Fundaci\u00f3 Iris\",\"description\":\"Desde 1973 al lado de las personas con discapacidad intelectual\",\"potentialAction\":[{\"@type\":\"SearchAction\",\"target\":{\"@type\":\"EntryPoint\",\"urlTemplate\":\"https:\/\/www.fundacioiris.org\/es\/?s={search_term_string}\"},\"query-input\":{\"@type\":\"PropertyValueSpecification\",\"valueRequired\":true,\"valueName\":\"search_term_string\"}}],\"inLanguage\":\"es\"},{\"@type\":\"Person\",\"@id\":\"https:\/\/www.fundacioiris.org\/es\/#\/schema\/person\/3424a3bd8939b591fd8b648e56175712\",\"name\":\"fundacioiris\",\"image\":{\"@type\":\"ImageObject\",\"inLanguage\":\"es\",\"@id\":\"https:\/\/www.fundacioiris.org\/es\/#\/schema\/person\/image\/\",\"url\":\"https:\/\/secure.gravatar.com\/avatar\/389e9312672899cc87be3bfec5844e8c?s=96&d=mm&r=g\",\"contentUrl\":\"https:\/\/secure.gravatar.com\/avatar\/389e9312672899cc87be3bfec5844e8c?s=96&d=mm&r=g\",\"caption\":\"fundacioiris\"},\"sameAs\":[\"https:\/\/www.facebook.com\/fundacioiris\",\"https:\/\/www.instagram.com\/fundacio_iris\/\",\"https:\/\/www.linkedin.com\/company\/fundaci-privada-iris\/?originalSubdomain=es\"]}]}<\/script>\n<!-- \/ Yoast SEO plugin. -->","yoast_head_json":{"title":"Nuevo circuito biosaludable en el Espai Vida de la Fundaci\u00f3 Iris | Fundaci\u00f3 Iris","description":"Un espacio para promover la actividad f\u00edsica, la autonom\u00eda y el bienestar En la Fundaci\u00f3 Iris hemos puesto en marcha el nuevo circuito biosaludable del","robots":{"index":"index","follow":"follow","max-snippet":"max-snippet:-1","max-image-preview":"max-image-preview:large","max-video-preview":"max-video-preview:-1"},"canonical":"https:\/\/www.fundacioiris.org\/es\/nuevo-circuito-biosaludable-en-el-espai-vida-de-la-fundacio-iris\/","og_locale":"es_ES","og_type":"article","og_title":"Nuevo circuito biosaludable en el Espai Vida de la Fundaci\u00f3 Iris | Fundaci\u00f3 Iris","og_description":"Un espacio para promover la actividad f\u00edsica, la autonom\u00eda y el bienestar En la Fundaci\u00f3 Iris hemos puesto en marcha el nuevo circuito biosaludable del","og_url":"https:\/\/www.fundacioiris.org\/es\/nuevo-circuito-biosaludable-en-el-espai-vida-de-la-fundacio-iris\/","og_site_name":"Fundaci\u00f3 Iris","article_author":"https:\/\/www.facebook.com\/fundacioiris","article_published_time":"2026-04-28T11:31:53+00:00","og_image":[{"width":1080,"height":1350,"url":"http:\/\/www.fundacioiris.org\/wp-content\/uploads\/2026\/04\/9.jpg","type":"image\/jpeg"}],"author":"fundacioiris","twitter_card":"summary_large_image","twitter_misc":{"Escrito por":"fundacioiris","Tiempo de lectura":"2 minutos"},"schema":{"@context":"https:\/\/schema.org","@graph":[{"@type":"WebPage","@id":"https:\/\/www.fundacioiris.org\/es\/nuevo-circuito-biosaludable-en-el-espai-vida-de-la-fundacio-iris\/","url":"https:\/\/www.fundacioiris.org\/es\/nuevo-circuito-biosaludable-en-el-espai-vida-de-la-fundacio-iris\/","name":"Nuevo circuito biosaludable en el Espai Vida de la Fundaci\u00f3 Iris | Fundaci\u00f3 Iris","isPartOf":{"@id":"https:\/\/www.fundacioiris.org\/es\/#website"},"primaryImageOfPage":{"@id":"https:\/\/www.fundacioiris.org\/es\/nuevo-circuito-biosaludable-en-el-espai-vida-de-la-fundacio-iris\/#primaryimage"},"image":{"@id":"https:\/\/www.fundacioiris.org\/es\/nuevo-circuito-biosaludable-en-el-espai-vida-de-la-fundacio-iris\/#primaryimage"},"thumbnailUrl":"https:\/\/www.fundacioiris.org\/wp-content\/uploads\/2026\/04\/9.jpg","datePublished":"2026-04-28T11:31:53+00:00","author":{"@id":"https:\/\/www.fundacioiris.org\/es\/#\/schema\/person\/3424a3bd8939b591fd8b648e56175712"},"description":"Un espacio para promover la actividad f\u00edsica, la autonom\u00eda y el bienestar En la Fundaci\u00f3 Iris hemos puesto en marcha el nuevo circuito biosaludable del","breadcrumb":{"@id":"https:\/\/www.fundacioiris.org\/es\/nuevo-circuito-biosaludable-en-el-espai-vida-de-la-fundacio-iris\/#breadcrumb"},"inLanguage":"es","potentialAction":[{"@type":"ReadAction","target":["https:\/\/www.fundacioiris.org\/es\/nuevo-circuito-biosaludable-en-el-espai-vida-de-la-fundacio-iris\/"]}]},{"@type":"ImageObject","inLanguage":"es","@id":"https:\/\/www.fundacioiris.org\/es\/nuevo-circuito-biosaludable-en-el-espai-vida-de-la-fundacio-iris\/#primaryimage","url":"https:\/\/www.fundacioiris.org\/wp-content\/uploads\/2026\/04\/9.jpg","contentUrl":"https:\/\/www.fundacioiris.org\/wp-content\/uploads\/2026\/04\/9.jpg","width":1080,"height":1350},{"@type":"BreadcrumbList","@id":"https:\/\/www.fundacioiris.org\/es\/nuevo-circuito-biosaludable-en-el-espai-vida-de-la-fundacio-iris\/#breadcrumb","itemListElement":[{"@type":"ListItem","position":1,"name":"Inici","item":"https:\/\/www.fundacioiris.org\/es\/"},{"@type":"ListItem","position":2,"name":"Nuevo circuito biosaludable en el Espai Vida de la Fundaci\u00f3 Iris"}]},{"@type":"WebSite","@id":"https:\/\/www.fundacioiris.org\/es\/#website","url":"https:\/\/www.fundacioiris.org\/es\/","name":"Fundaci\u00f3 Iris","description":"Desde 1973 al lado de las personas con discapacidad intelectual","potentialAction":[{"@type":"SearchAction","target":{"@type":"EntryPoint","urlTemplate":"https:\/\/www.fundacioiris.org\/es\/?s={search_term_string}"},"query-input":{"@type":"PropertyValueSpecification","valueRequired":true,"valueName":"search_term_string"}}],"inLanguage":"es"},{"@type":"Person","@id":"https:\/\/www.fundacioiris.org\/es\/#\/schema\/person\/3424a3bd8939b591fd8b648e56175712","name":"fundacioiris","image":{"@type":"ImageObject","inLanguage":"es","@id":"https:\/\/www.fundacioiris.org\/es\/#\/schema\/person\/image\/","url":"https:\/\/secure.gravatar.com\/avatar\/389e9312672899cc87be3bfec5844e8c?s=96&d=mm&r=g","contentUrl":"https:\/\/secure.gravatar.com\/avatar\/389e9312672899cc87be3bfec5844e8c?s=96&d=mm&r=g","caption":"fundacioiris"},"sameAs":["https:\/\/www.facebook.com\/fundacioiris","https:\/\/www.instagram.com\/fundacio_iris\/","https:\/\/www.linkedin.com\/company\/fundaci-privada-iris\/?originalSubdomain=es"]}]}},"_links":{"self":[{"href":"https:\/\/www.fundacioiris.org\/es\/wp-json\/wp\/v2\/posts\/6565"}],"collection":[{"href":"https:\/\/www.fundacioiris.org\/es\/wp-json\/wp\/v2\/posts"}],"about":[{"href":"https:\/\/www.fundacioiris.org\/es\/wp-json\/wp\/v2\/types\/post"}],"author":[{"embeddable":true,"href":"https:\/\/www.fundacioiris.org\/es\/wp-json\/wp\/v2\/users\/3"}],"replies":[{"embeddable":true,"href":"https:\/\/www.fundacioiris.org\/es\/wp-json\/wp\/v2\/comments?post=6565"}],"version-history":[{"count":1,"href":"https:\/\/www.fundacioiris.org\/es\/wp-json\/wp\/v2\/posts\/6565\/revisions"}],"predecessor-version":[{"id":6566,"href":"https:\/\/www.fundacioiris.org\/es\/wp-json\/wp\/v2\/posts\/6565\/revisions\/6566"}],"wp:featuredmedia":[{"embeddable":true,"href":"https:\/\/www.fundacioiris.org\/es\/wp-json\/wp\/v2\/media\/6562"}],"wp:attachment":[{"href":"https:\/\/www.fundacioiris.org\/es\/wp-json\/wp\/v2\/media?parent=6565"}],"wp:term":[{"taxonomy":"category","embeddable":true,"href":"https:\/\/www.fundacioiris.org\/es\/wp-json\/wp\/v2\/categories?post=6565"},{"taxonomy":"post_tag","embeddable":true,"href":"https:\/\/www.fundacioiris.org\/es\/wp-json\/wp\/v2\/tags?post=6565"}],"curies":[{"name":"wp","href":"https:\/\/api.w.org\/{rel}","templated":true}]}}