{"id":6551,"date":"2026-04-27T13:26:09","date_gmt":"2026-04-27T11:26:09","guid":{"rendered":"https:\/\/www.fundacioiris.org\/?p=6551"},"modified":"2026-04-27T13:26:09","modified_gmt":"2026-04-27T11:26:09","slug":"formacion-en-riesgos-y-medidas-de-autoproteccion-en-la-fundacio-iris","status":"publish","type":"post","link":"https:\/\/www.fundacioiris.org\/es\/formacion-en-riesgos-y-medidas-de-autoproteccion-en-la-fundacio-iris\/","title":{"rendered":"Formaci\u00f3n en riesgos y medidas de autoprotecci\u00f3n en la Fundaci\u00f3 Iris"},"content":{"rendered":"<p data-start=\"221\" data-end=\"333\">Un taller con protecci\u00f3n civil refuerza la autonom\u00eda y la seguridad de las personas con discapacidad intelectual<\/p>\n<p data-start=\"351\" data-end=\"577\">Hace unas semanas, un grupo de personas usuarias de la Fundaci\u00f3 Iris particip\u00f3 en un taller sobre riesgos y medidas de autoprotecci\u00f3n, impartido por profesionales de protecci\u00f3n civil del Ayuntamiento de Sant Vicen\u00e7 dels Horts.<\/p>\n<p data-start=\"579\" data-end=\"812\">La actividad permiti\u00f3 trabajar situaciones que pueden producirse en el d\u00eda a d\u00eda, poniendo el foco en la identificaci\u00f3n de riesgos y en las acciones que se pueden llevar a cabo para protegerse ante posibles situaciones de emergencia.<\/p>\n<p data-start=\"814\" data-end=\"1116\">Este tipo de formaciones contribuyen a mejorar la comprensi\u00f3n del entorno y a desarrollar habilidades como la toma de decisiones y la capacidad de respuesta. Adaptar los contenidos y hacerlos accesibles es clave para garantizar que todas las personas puedan participar de manera activa y significativa.<\/p>\n<p data-start=\"1118\" data-end=\"1286\">Desde la Fundaci\u00f3 Iris se promueve una mirada de la prevenci\u00f3n vinculada a los derechos, la autonom\u00eda y la calidad de vida de las personas con discapacidad intelectual.<\/p>\n<p data-start=\"1288\" data-end=\"1385\">Esta acci\u00f3n ha sido posible gracias a la colaboraci\u00f3n del Ayuntamiento de Sant Vicen\u00e7 dels Horts.<\/p>\n<p data-start=\"1288\" data-end=\"1385\"><img loading=\"lazy\" decoding=\"async\" class=\"alignnone size-large wp-image-6548\" src=\"http:\/\/www.fundacioiris.org\/wp-content\/uploads\/2026\/04\/4-2-819x1024.jpg\" alt=\"\" width=\"819\" height=\"1024\" srcset=\"https:\/\/www.fundacioiris.org\/wp-content\/uploads\/2026\/04\/4-2-819x1024.jpg 819w, https:\/\/www.fundacioiris.org\/wp-content\/uploads\/2026\/04\/4-2-240x300.jpg 240w, https:\/\/www.fundacioiris.org\/wp-content\/uploads\/2026\/04\/4-2-768x960.jpg 768w, https:\/\/www.fundacioiris.org\/wp-content\/uploads\/2026\/04\/4-2.jpg 1080w\" sizes=\"(max-width: 819px) 100vw, 819px\" \/><img loading=\"lazy\" decoding=\"async\" class=\"alignnone size-large wp-image-6546\" src=\"http:\/\/www.fundacioiris.org\/wp-content\/uploads\/2026\/04\/3-2-819x1024.jpg\" alt=\"\" width=\"819\" height=\"1024\" srcset=\"https:\/\/www.fundacioiris.org\/wp-content\/uploads\/2026\/04\/3-2-819x1024.jpg 819w, https:\/\/www.fundacioiris.org\/wp-content\/uploads\/2026\/04\/3-2-240x300.jpg 240w, https:\/\/www.fundacioiris.org\/wp-content\/uploads\/2026\/04\/3-2-768x960.jpg 768w, https:\/\/www.fundacioiris.org\/wp-content\/uploads\/2026\/04\/3-2.jpg 1080w\" sizes=\"(max-width: 819px) 100vw, 819px\" \/><img loading=\"lazy\" decoding=\"async\" class=\"alignnone size-large wp-image-6544\" src=\"http:\/\/www.fundacioiris.org\/wp-content\/uploads\/2026\/04\/2-819x1024.jpg\" alt=\"\" width=\"819\" height=\"1024\" srcset=\"https:\/\/www.fundacioiris.org\/wp-content\/uploads\/2026\/04\/2-819x1024.jpg 819w, https:\/\/www.fundacioiris.org\/wp-content\/uploads\/2026\/04\/2-240x300.jpg 240w, https:\/\/www.fundacioiris.org\/wp-content\/uploads\/2026\/04\/2-768x960.jpg 768w, https:\/\/www.fundacioiris.org\/wp-content\/uploads\/2026\/04\/2.jpg 1080w\" sizes=\"(max-width: 819px) 100vw, 819px\" \/><\/p>\n","protected":false},"excerpt":{"rendered":"<p>Un taller con protecci\u00f3n civil refuerza la autonom\u00eda y la seguridad de las personas con discapacidad intelectual Hace unas semanas, un grupo de personas usuarias de la Fundaci\u00f3 Iris particip\u00f3 en un taller sobre riesgos y medidas de autoprotecci\u00f3n, impartido por profesionales de protecci\u00f3n civil del Ayuntamiento de Sant Vicen\u00e7 dels Horts. La actividad permiti\u00f3<\/p>\n","protected":false},"author":3,"featured_media":6544,"comment_status":"closed","ping_status":"closed","sticky":false,"template":"","format":"standard","meta":{"_acf_changed":false,"footnotes":""},"categories":[26],"tags":[],"acf":[],"yoast_head":"<!-- This site is optimized with the Yoast SEO plugin v24.5 - https:\/\/yoast.com\/wordpress\/plugins\/seo\/ -->\n<title>Formaci\u00f3n en riesgos y medidas de autoprotecci\u00f3n en la Fundaci\u00f3 Iris | Fundaci\u00f3 Iris<\/title>\n<meta name=\"description\" content=\"Un taller con protecci\u00f3n civil refuerza la autonom\u00eda y la seguridad de las personas con discapacidad intelectual Hace unas semanas, un grupo de personas\" \/>\n<meta name=\"robots\" content=\"index, follow, max-snippet:-1, max-image-preview:large, max-video-preview:-1\" \/>\n<link rel=\"canonical\" href=\"https:\/\/www.fundacioiris.org\/es\/formacion-en-riesgos-y-medidas-de-autoproteccion-en-la-fundacio-iris\/\" \/>\n<meta property=\"og:locale\" content=\"es_ES\" \/>\n<meta property=\"og:type\" content=\"article\" \/>\n<meta property=\"og:title\" content=\"Formaci\u00f3n en riesgos y medidas de autoprotecci\u00f3n en la Fundaci\u00f3 Iris | Fundaci\u00f3 Iris\" \/>\n<meta property=\"og:description\" content=\"Un taller con protecci\u00f3n civil refuerza la autonom\u00eda y la seguridad de las personas con discapacidad intelectual Hace unas semanas, un grupo de personas\" \/>\n<meta property=\"og:url\" content=\"https:\/\/www.fundacioiris.org\/es\/formacion-en-riesgos-y-medidas-de-autoproteccion-en-la-fundacio-iris\/\" \/>\n<meta property=\"og:site_name\" content=\"Fundaci\u00f3 Iris\" \/>\n<meta property=\"article:author\" content=\"https:\/\/www.facebook.com\/fundacioiris\" \/>\n<meta property=\"article:published_time\" content=\"2026-04-27T11:26:09+00:00\" \/>\n<meta property=\"og:image\" content=\"http:\/\/www.fundacioiris.org\/wp-content\/uploads\/2026\/04\/2.jpg\" \/>\n\t<meta property=\"og:image:width\" content=\"1080\" \/>\n\t<meta property=\"og:image:height\" content=\"1350\" \/>\n\t<meta property=\"og:image:type\" content=\"image\/jpeg\" \/>\n<meta name=\"author\" content=\"fundacioiris\" \/>\n<meta name=\"twitter:card\" content=\"summary_large_image\" \/>\n<meta name=\"twitter:label1\" content=\"Escrito por\" \/>\n\t<meta name=\"twitter:data1\" content=\"fundacioiris\" \/>\n\t<meta name=\"twitter:label2\" content=\"Tiempo de lectura\" \/>\n\t<meta name=\"twitter:data2\" content=\"2 minutos\" \/>\n<script type=\"application\/ld+json\" class=\"yoast-schema-graph\">{\"@context\":\"https:\/\/schema.org\",\"@graph\":[{\"@type\":\"WebPage\",\"@id\":\"https:\/\/www.fundacioiris.org\/es\/formacion-en-riesgos-y-medidas-de-autoproteccion-en-la-fundacio-iris\/\",\"url\":\"https:\/\/www.fundacioiris.org\/es\/formacion-en-riesgos-y-medidas-de-autoproteccion-en-la-fundacio-iris\/\",\"name\":\"Formaci\u00f3n en riesgos y medidas de autoprotecci\u00f3n en la Fundaci\u00f3 Iris | Fundaci\u00f3 Iris\",\"isPartOf\":{\"@id\":\"https:\/\/www.fundacioiris.org\/es\/#website\"},\"primaryImageOfPage\":{\"@id\":\"https:\/\/www.fundacioiris.org\/es\/formacion-en-riesgos-y-medidas-de-autoproteccion-en-la-fundacio-iris\/#primaryimage\"},\"image\":{\"@id\":\"https:\/\/www.fundacioiris.org\/es\/formacion-en-riesgos-y-medidas-de-autoproteccion-en-la-fundacio-iris\/#primaryimage\"},\"thumbnailUrl\":\"https:\/\/www.fundacioiris.org\/wp-content\/uploads\/2026\/04\/2.jpg\",\"datePublished\":\"2026-04-27T11:26:09+00:00\",\"author\":{\"@id\":\"https:\/\/www.fundacioiris.org\/es\/#\/schema\/person\/3424a3bd8939b591fd8b648e56175712\"},\"description\":\"Un taller con protecci\u00f3n civil refuerza la autonom\u00eda y la seguridad de las personas con discapacidad intelectual Hace unas semanas, un grupo de personas\",\"breadcrumb\":{\"@id\":\"https:\/\/www.fundacioiris.org\/es\/formacion-en-riesgos-y-medidas-de-autoproteccion-en-la-fundacio-iris\/#breadcrumb\"},\"inLanguage\":\"es\",\"potentialAction\":[{\"@type\":\"ReadAction\",\"target\":[\"https:\/\/www.fundacioiris.org\/es\/formacion-en-riesgos-y-medidas-de-autoproteccion-en-la-fundacio-iris\/\"]}]},{\"@type\":\"ImageObject\",\"inLanguage\":\"es\",\"@id\":\"https:\/\/www.fundacioiris.org\/es\/formacion-en-riesgos-y-medidas-de-autoproteccion-en-la-fundacio-iris\/#primaryimage\",\"url\":\"https:\/\/www.fundacioiris.org\/wp-content\/uploads\/2026\/04\/2.jpg\",\"contentUrl\":\"https:\/\/www.fundacioiris.org\/wp-content\/uploads\/2026\/04\/2.jpg\",\"width\":1080,\"height\":1350},{\"@type\":\"BreadcrumbList\",\"@id\":\"https:\/\/www.fundacioiris.org\/es\/formacion-en-riesgos-y-medidas-de-autoproteccion-en-la-fundacio-iris\/#breadcrumb\",\"itemListElement\":[{\"@type\":\"ListItem\",\"position\":1,\"name\":\"Inici\",\"item\":\"https:\/\/www.fundacioiris.org\/es\/\"},{\"@type\":\"ListItem\",\"position\":2,\"name\":\"Formaci\u00f3n en riesgos y medidas de autoprotecci\u00f3n en la Fundaci\u00f3 Iris\"}]},{\"@type\":\"WebSite\",\"@id\":\"https:\/\/www.fundacioiris.org\/es\/#website\",\"url\":\"https:\/\/www.fundacioiris.org\/es\/\",\"name\":\"Fundaci\u00f3 Iris\",\"description\":\"Desde 1973 al lado de las personas con discapacidad intelectual\",\"potentialAction\":[{\"@type\":\"SearchAction\",\"target\":{\"@type\":\"EntryPoint\",\"urlTemplate\":\"https:\/\/www.fundacioiris.org\/es\/?s={search_term_string}\"},\"query-input\":{\"@type\":\"PropertyValueSpecification\",\"valueRequired\":true,\"valueName\":\"search_term_string\"}}],\"inLanguage\":\"es\"},{\"@type\":\"Person\",\"@id\":\"https:\/\/www.fundacioiris.org\/es\/#\/schema\/person\/3424a3bd8939b591fd8b648e56175712\",\"name\":\"fundacioiris\",\"image\":{\"@type\":\"ImageObject\",\"inLanguage\":\"es\",\"@id\":\"https:\/\/www.fundacioiris.org\/es\/#\/schema\/person\/image\/\",\"url\":\"https:\/\/secure.gravatar.com\/avatar\/389e9312672899cc87be3bfec5844e8c?s=96&d=mm&r=g\",\"contentUrl\":\"https:\/\/secure.gravatar.com\/avatar\/389e9312672899cc87be3bfec5844e8c?s=96&d=mm&r=g\",\"caption\":\"fundacioiris\"},\"sameAs\":[\"https:\/\/www.facebook.com\/fundacioiris\",\"https:\/\/www.instagram.com\/fundacio_iris\/\",\"https:\/\/www.linkedin.com\/company\/fundaci-privada-iris\/?originalSubdomain=es\"]}]}<\/script>\n<!-- \/ Yoast SEO plugin. -->","yoast_head_json":{"title":"Formaci\u00f3n en riesgos y medidas de autoprotecci\u00f3n en la Fundaci\u00f3 Iris | Fundaci\u00f3 Iris","description":"Un taller con protecci\u00f3n civil refuerza la autonom\u00eda y la seguridad de las personas con discapacidad intelectual Hace unas semanas, un grupo de personas","robots":{"index":"index","follow":"follow","max-snippet":"max-snippet:-1","max-image-preview":"max-image-preview:large","max-video-preview":"max-video-preview:-1"},"canonical":"https:\/\/www.fundacioiris.org\/es\/formacion-en-riesgos-y-medidas-de-autoproteccion-en-la-fundacio-iris\/","og_locale":"es_ES","og_type":"article","og_title":"Formaci\u00f3n en riesgos y medidas de autoprotecci\u00f3n en la Fundaci\u00f3 Iris | Fundaci\u00f3 Iris","og_description":"Un taller con protecci\u00f3n civil refuerza la autonom\u00eda y la seguridad de las personas con discapacidad intelectual Hace unas semanas, un grupo de personas","og_url":"https:\/\/www.fundacioiris.org\/es\/formacion-en-riesgos-y-medidas-de-autoproteccion-en-la-fundacio-iris\/","og_site_name":"Fundaci\u00f3 Iris","article_author":"https:\/\/www.facebook.com\/fundacioiris","article_published_time":"2026-04-27T11:26:09+00:00","og_image":[{"width":1080,"height":1350,"url":"http:\/\/www.fundacioiris.org\/wp-content\/uploads\/2026\/04\/2.jpg","type":"image\/jpeg"}],"author":"fundacioiris","twitter_card":"summary_large_image","twitter_misc":{"Escrito por":"fundacioiris","Tiempo de lectura":"2 minutos"},"schema":{"@context":"https:\/\/schema.org","@graph":[{"@type":"WebPage","@id":"https:\/\/www.fundacioiris.org\/es\/formacion-en-riesgos-y-medidas-de-autoproteccion-en-la-fundacio-iris\/","url":"https:\/\/www.fundacioiris.org\/es\/formacion-en-riesgos-y-medidas-de-autoproteccion-en-la-fundacio-iris\/","name":"Formaci\u00f3n en riesgos y medidas de autoprotecci\u00f3n en la Fundaci\u00f3 Iris | Fundaci\u00f3 Iris","isPartOf":{"@id":"https:\/\/www.fundacioiris.org\/es\/#website"},"primaryImageOfPage":{"@id":"https:\/\/www.fundacioiris.org\/es\/formacion-en-riesgos-y-medidas-de-autoproteccion-en-la-fundacio-iris\/#primaryimage"},"image":{"@id":"https:\/\/www.fundacioiris.org\/es\/formacion-en-riesgos-y-medidas-de-autoproteccion-en-la-fundacio-iris\/#primaryimage"},"thumbnailUrl":"https:\/\/www.fundacioiris.org\/wp-content\/uploads\/2026\/04\/2.jpg","datePublished":"2026-04-27T11:26:09+00:00","author":{"@id":"https:\/\/www.fundacioiris.org\/es\/#\/schema\/person\/3424a3bd8939b591fd8b648e56175712"},"description":"Un taller con protecci\u00f3n civil refuerza la autonom\u00eda y la seguridad de las personas con discapacidad intelectual Hace unas semanas, un grupo de personas","breadcrumb":{"@id":"https:\/\/www.fundacioiris.org\/es\/formacion-en-riesgos-y-medidas-de-autoproteccion-en-la-fundacio-iris\/#breadcrumb"},"inLanguage":"es","potentialAction":[{"@type":"ReadAction","target":["https:\/\/www.fundacioiris.org\/es\/formacion-en-riesgos-y-medidas-de-autoproteccion-en-la-fundacio-iris\/"]}]},{"@type":"ImageObject","inLanguage":"es","@id":"https:\/\/www.fundacioiris.org\/es\/formacion-en-riesgos-y-medidas-de-autoproteccion-en-la-fundacio-iris\/#primaryimage","url":"https:\/\/www.fundacioiris.org\/wp-content\/uploads\/2026\/04\/2.jpg","contentUrl":"https:\/\/www.fundacioiris.org\/wp-content\/uploads\/2026\/04\/2.jpg","width":1080,"height":1350},{"@type":"BreadcrumbList","@id":"https:\/\/www.fundacioiris.org\/es\/formacion-en-riesgos-y-medidas-de-autoproteccion-en-la-fundacio-iris\/#breadcrumb","itemListElement":[{"@type":"ListItem","position":1,"name":"Inici","item":"https:\/\/www.fundacioiris.org\/es\/"},{"@type":"ListItem","position":2,"name":"Formaci\u00f3n en riesgos y medidas de autoprotecci\u00f3n en la Fundaci\u00f3 Iris"}]},{"@type":"WebSite","@id":"https:\/\/www.fundacioiris.org\/es\/#website","url":"https:\/\/www.fundacioiris.org\/es\/","name":"Fundaci\u00f3 Iris","description":"Desde 1973 al lado de las personas con discapacidad intelectual","potentialAction":[{"@type":"SearchAction","target":{"@type":"EntryPoint","urlTemplate":"https:\/\/www.fundacioiris.org\/es\/?s={search_term_string}"},"query-input":{"@type":"PropertyValueSpecification","valueRequired":true,"valueName":"search_term_string"}}],"inLanguage":"es"},{"@type":"Person","@id":"https:\/\/www.fundacioiris.org\/es\/#\/schema\/person\/3424a3bd8939b591fd8b648e56175712","name":"fundacioiris","image":{"@type":"ImageObject","inLanguage":"es","@id":"https:\/\/www.fundacioiris.org\/es\/#\/schema\/person\/image\/","url":"https:\/\/secure.gravatar.com\/avatar\/389e9312672899cc87be3bfec5844e8c?s=96&d=mm&r=g","contentUrl":"https:\/\/secure.gravatar.com\/avatar\/389e9312672899cc87be3bfec5844e8c?s=96&d=mm&r=g","caption":"fundacioiris"},"sameAs":["https:\/\/www.facebook.com\/fundacioiris","https:\/\/www.instagram.com\/fundacio_iris\/","https:\/\/www.linkedin.com\/company\/fundaci-privada-iris\/?originalSubdomain=es"]}]}},"_links":{"self":[{"href":"https:\/\/www.fundacioiris.org\/es\/wp-json\/wp\/v2\/posts\/6551"}],"collection":[{"href":"https:\/\/www.fundacioiris.org\/es\/wp-json\/wp\/v2\/posts"}],"about":[{"href":"https:\/\/www.fundacioiris.org\/es\/wp-json\/wp\/v2\/types\/post"}],"author":[{"embeddable":true,"href":"https:\/\/www.fundacioiris.org\/es\/wp-json\/wp\/v2\/users\/3"}],"replies":[{"embeddable":true,"href":"https:\/\/www.fundacioiris.org\/es\/wp-json\/wp\/v2\/comments?post=6551"}],"version-history":[{"count":1,"href":"https:\/\/www.fundacioiris.org\/es\/wp-json\/wp\/v2\/posts\/6551\/revisions"}],"predecessor-version":[{"id":6552,"href":"https:\/\/www.fundacioiris.org\/es\/wp-json\/wp\/v2\/posts\/6551\/revisions\/6552"}],"wp:featuredmedia":[{"embeddable":true,"href":"https:\/\/www.fundacioiris.org\/es\/wp-json\/wp\/v2\/media\/6544"}],"wp:attachment":[{"href":"https:\/\/www.fundacioiris.org\/es\/wp-json\/wp\/v2\/media?parent=6551"}],"wp:term":[{"taxonomy":"category","embeddable":true,"href":"https:\/\/www.fundacioiris.org\/es\/wp-json\/wp\/v2\/categories?post=6551"},{"taxonomy":"post_tag","embeddable":true,"href":"https:\/\/www.fundacioiris.org\/es\/wp-json\/wp\/v2\/tags?post=6551"}],"curies":[{"name":"wp","href":"https:\/\/api.w.org\/{rel}","templated":true}]}}