{"id":6522,"date":"2026-04-24T12:56:28","date_gmt":"2026-04-24T10:56:28","guid":{"rendered":"https:\/\/www.fundacioiris.org\/?p=6522"},"modified":"2026-04-24T12:56:28","modified_gmt":"2026-04-24T10:56:28","slug":"la-fundacio-iris-celebra-sant-jordi-con-una-jornada-de-participacion-e-inclusion","status":"publish","type":"post","link":"https:\/\/www.fundacioiris.org\/es\/la-fundacio-iris-celebra-sant-jordi-con-una-jornada-de-participacion-e-inclusion\/","title":{"rendered":"La Fundaci\u00f3 Iris celebra Sant Jordi con una jornada de participaci\u00f3n e inclusi\u00f3n"},"content":{"rendered":"<p data-start=\"199\" data-end=\"352\">La parada solidaria se convierte en un espacio de encuentro con la comunidad y de visibilizaci\u00f3n del trabajo de las personas con discapacidad intelectual<\/p>\n<p data-start=\"370\" data-end=\"604\">Con motivo de la Diada de Sant Jordi, la Fundaci\u00f3 Iris ha participado un a\u00f1o m\u00e1s con su parada solidaria, un espacio abierto a la ciudadan\u00eda donde se han podido compartir productos elaborados en los diferentes servicios de la entidad.<\/p>\n<p data-start=\"606\" data-end=\"934\">Durante la jornada, personas usuarias y profesionales han estado presentes en la parada, ofreciendo rosas, libretas y otros productos hechos a mano. M\u00e1s all\u00e1 de la venta, la iniciativa ha permitido generar un espacio de relaci\u00f3n directa con la comunidad y dar visibilidad al trabajo que se desarrolla diariamente en la Fundaci\u00f3.<\/p>\n<p data-start=\"936\" data-end=\"1171\">Los productos, elaborados en el marco de los talleres, representan una oportunidad real de participaci\u00f3n y de inclusi\u00f3n laboral para las personas con discapacidad intelectual, poniendo en valor sus capacidades y su contribuci\u00f3n social.<\/p>\n<p data-start=\"1173\" data-end=\"1367\">La jornada ha sido tambi\u00e9n una oportunidad para reforzar v\u00ednculos con familias, vecindario y entidades del territorio, en un d\u00eda especialmente significativo para la cultura y la cohesi\u00f3n social.<\/p>\n<p data-start=\"1369\" data-end=\"1536\">Desde la Fundaci\u00f3 Iris, queremos agradecer la participaci\u00f3n y el apoyo de todas las personas que se acercaron a la parada y contribuyeron a hacer posible esta jornada.<\/p>\n<p data-start=\"1369\" data-end=\"1536\"><img loading=\"lazy\" decoding=\"async\" class=\"alignnone size-large wp-image-6517\" src=\"http:\/\/www.fundacioiris.org\/wp-content\/uploads\/2026\/04\/1-819x1024.jpg\" alt=\"\" width=\"819\" height=\"1024\" srcset=\"https:\/\/www.fundacioiris.org\/wp-content\/uploads\/2026\/04\/1-819x1024.jpg 819w, https:\/\/www.fundacioiris.org\/wp-content\/uploads\/2026\/04\/1-240x300.jpg 240w, https:\/\/www.fundacioiris.org\/wp-content\/uploads\/2026\/04\/1-768x960.jpg 768w, https:\/\/www.fundacioiris.org\/wp-content\/uploads\/2026\/04\/1.jpg 1080w\" sizes=\"(max-width: 819px) 100vw, 819px\" \/><img loading=\"lazy\" decoding=\"async\" class=\"alignnone size-large wp-image-6519\" src=\"http:\/\/www.fundacioiris.org\/wp-content\/uploads\/2026\/04\/WhatsApp-Image-2026-04-23-at-09.55.44-1024x768.jpeg\" alt=\"\" width=\"1024\" height=\"768\" srcset=\"https:\/\/www.fundacioiris.org\/wp-content\/uploads\/2026\/04\/WhatsApp-Image-2026-04-23-at-09.55.44-1024x768.jpeg 1024w, https:\/\/www.fundacioiris.org\/wp-content\/uploads\/2026\/04\/WhatsApp-Image-2026-04-23-at-09.55.44-300x225.jpeg 300w, https:\/\/www.fundacioiris.org\/wp-content\/uploads\/2026\/04\/WhatsApp-Image-2026-04-23-at-09.55.44-768x576.jpeg 768w, https:\/\/www.fundacioiris.org\/wp-content\/uploads\/2026\/04\/WhatsApp-Image-2026-04-23-at-09.55.44-1536x1152.jpeg 1536w, https:\/\/www.fundacioiris.org\/wp-content\/uploads\/2026\/04\/WhatsApp-Image-2026-04-23-at-09.55.44-640x480.jpeg 640w, https:\/\/www.fundacioiris.org\/wp-content\/uploads\/2026\/04\/WhatsApp-Image-2026-04-23-at-09.55.44.jpeg 1600w\" sizes=\"(max-width: 1024px) 100vw, 1024px\" \/><\/p>\n","protected":false},"excerpt":{"rendered":"<p>La parada solidaria se convierte en un espacio de encuentro con la comunidad y de visibilizaci\u00f3n del trabajo de las personas con discapacidad intelectual Con motivo de la Diada de Sant Jordi, la Fundaci\u00f3 Iris ha participado un a\u00f1o m\u00e1s con su parada solidaria, un espacio abierto a la ciudadan\u00eda donde se han podido compartir<\/p>\n","protected":false},"author":3,"featured_media":6519,"comment_status":"closed","ping_status":"closed","sticky":false,"template":"","format":"standard","meta":{"_acf_changed":false,"footnotes":""},"categories":[26],"tags":[],"acf":[],"yoast_head":"<!-- This site is optimized with the Yoast SEO plugin v24.5 - https:\/\/yoast.com\/wordpress\/plugins\/seo\/ -->\n<title>La Fundaci\u00f3 Iris celebra Sant Jordi con una jornada de participaci\u00f3n e inclusi\u00f3n | Fundaci\u00f3 Iris<\/title>\n<meta name=\"description\" content=\"La parada solidaria se convierte en un espacio de encuentro con la comunidad y de visibilizaci\u00f3n del trabajo de las personas con discapacidad intelectual\" \/>\n<meta name=\"robots\" content=\"index, follow, max-snippet:-1, max-image-preview:large, max-video-preview:-1\" \/>\n<link rel=\"canonical\" href=\"https:\/\/www.fundacioiris.org\/es\/la-fundacio-iris-celebra-sant-jordi-con-una-jornada-de-participacion-e-inclusion\/\" \/>\n<meta property=\"og:locale\" content=\"es_ES\" \/>\n<meta property=\"og:type\" content=\"article\" \/>\n<meta property=\"og:title\" content=\"La Fundaci\u00f3 Iris celebra Sant Jordi con una jornada de participaci\u00f3n e inclusi\u00f3n | Fundaci\u00f3 Iris\" \/>\n<meta property=\"og:description\" content=\"La parada solidaria se convierte en un espacio de encuentro con la comunidad y de visibilizaci\u00f3n del trabajo de las personas con discapacidad intelectual\" \/>\n<meta property=\"og:url\" content=\"https:\/\/www.fundacioiris.org\/es\/la-fundacio-iris-celebra-sant-jordi-con-una-jornada-de-participacion-e-inclusion\/\" \/>\n<meta property=\"og:site_name\" content=\"Fundaci\u00f3 Iris\" \/>\n<meta property=\"article:author\" content=\"https:\/\/www.facebook.com\/fundacioiris\" \/>\n<meta property=\"article:published_time\" content=\"2026-04-24T10:56:28+00:00\" \/>\n<meta property=\"og:image\" content=\"http:\/\/www.fundacioiris.org\/wp-content\/uploads\/2026\/04\/WhatsApp-Image-2026-04-23-at-09.55.44.jpeg\" \/>\n\t<meta property=\"og:image:width\" content=\"1600\" \/>\n\t<meta property=\"og:image:height\" content=\"1200\" \/>\n\t<meta property=\"og:image:type\" content=\"image\/jpeg\" \/>\n<meta name=\"author\" content=\"fundacioiris\" \/>\n<meta name=\"twitter:card\" content=\"summary_large_image\" \/>\n<meta name=\"twitter:label1\" content=\"Escrito por\" \/>\n\t<meta name=\"twitter:data1\" content=\"fundacioiris\" \/>\n\t<meta name=\"twitter:label2\" content=\"Tiempo de lectura\" \/>\n\t<meta name=\"twitter:data2\" content=\"2 minutos\" \/>\n<script type=\"application\/ld+json\" class=\"yoast-schema-graph\">{\"@context\":\"https:\/\/schema.org\",\"@graph\":[{\"@type\":\"WebPage\",\"@id\":\"https:\/\/www.fundacioiris.org\/es\/la-fundacio-iris-celebra-sant-jordi-con-una-jornada-de-participacion-e-inclusion\/\",\"url\":\"https:\/\/www.fundacioiris.org\/es\/la-fundacio-iris-celebra-sant-jordi-con-una-jornada-de-participacion-e-inclusion\/\",\"name\":\"La Fundaci\u00f3 Iris celebra Sant Jordi con una jornada de participaci\u00f3n e inclusi\u00f3n | Fundaci\u00f3 Iris\",\"isPartOf\":{\"@id\":\"https:\/\/www.fundacioiris.org\/es\/#website\"},\"primaryImageOfPage\":{\"@id\":\"https:\/\/www.fundacioiris.org\/es\/la-fundacio-iris-celebra-sant-jordi-con-una-jornada-de-participacion-e-inclusion\/#primaryimage\"},\"image\":{\"@id\":\"https:\/\/www.fundacioiris.org\/es\/la-fundacio-iris-celebra-sant-jordi-con-una-jornada-de-participacion-e-inclusion\/#primaryimage\"},\"thumbnailUrl\":\"https:\/\/www.fundacioiris.org\/wp-content\/uploads\/2026\/04\/WhatsApp-Image-2026-04-23-at-09.55.44.jpeg\",\"datePublished\":\"2026-04-24T10:56:28+00:00\",\"author\":{\"@id\":\"https:\/\/www.fundacioiris.org\/es\/#\/schema\/person\/3424a3bd8939b591fd8b648e56175712\"},\"description\":\"La parada solidaria se convierte en un espacio de encuentro con la comunidad y de visibilizaci\u00f3n del trabajo de las personas con discapacidad intelectual\",\"breadcrumb\":{\"@id\":\"https:\/\/www.fundacioiris.org\/es\/la-fundacio-iris-celebra-sant-jordi-con-una-jornada-de-participacion-e-inclusion\/#breadcrumb\"},\"inLanguage\":\"es\",\"potentialAction\":[{\"@type\":\"ReadAction\",\"target\":[\"https:\/\/www.fundacioiris.org\/es\/la-fundacio-iris-celebra-sant-jordi-con-una-jornada-de-participacion-e-inclusion\/\"]}]},{\"@type\":\"ImageObject\",\"inLanguage\":\"es\",\"@id\":\"https:\/\/www.fundacioiris.org\/es\/la-fundacio-iris-celebra-sant-jordi-con-una-jornada-de-participacion-e-inclusion\/#primaryimage\",\"url\":\"https:\/\/www.fundacioiris.org\/wp-content\/uploads\/2026\/04\/WhatsApp-Image-2026-04-23-at-09.55.44.jpeg\",\"contentUrl\":\"https:\/\/www.fundacioiris.org\/wp-content\/uploads\/2026\/04\/WhatsApp-Image-2026-04-23-at-09.55.44.jpeg\",\"width\":1600,\"height\":1200},{\"@type\":\"BreadcrumbList\",\"@id\":\"https:\/\/www.fundacioiris.org\/es\/la-fundacio-iris-celebra-sant-jordi-con-una-jornada-de-participacion-e-inclusion\/#breadcrumb\",\"itemListElement\":[{\"@type\":\"ListItem\",\"position\":1,\"name\":\"Inici\",\"item\":\"https:\/\/www.fundacioiris.org\/es\/\"},{\"@type\":\"ListItem\",\"position\":2,\"name\":\"La Fundaci\u00f3 Iris celebra Sant Jordi con una jornada de participaci\u00f3n e inclusi\u00f3n\"}]},{\"@type\":\"WebSite\",\"@id\":\"https:\/\/www.fundacioiris.org\/es\/#website\",\"url\":\"https:\/\/www.fundacioiris.org\/es\/\",\"name\":\"Fundaci\u00f3 Iris\",\"description\":\"Desde 1973 al lado de las personas con discapacidad intelectual\",\"potentialAction\":[{\"@type\":\"SearchAction\",\"target\":{\"@type\":\"EntryPoint\",\"urlTemplate\":\"https:\/\/www.fundacioiris.org\/es\/?s={search_term_string}\"},\"query-input\":{\"@type\":\"PropertyValueSpecification\",\"valueRequired\":true,\"valueName\":\"search_term_string\"}}],\"inLanguage\":\"es\"},{\"@type\":\"Person\",\"@id\":\"https:\/\/www.fundacioiris.org\/es\/#\/schema\/person\/3424a3bd8939b591fd8b648e56175712\",\"name\":\"fundacioiris\",\"image\":{\"@type\":\"ImageObject\",\"inLanguage\":\"es\",\"@id\":\"https:\/\/www.fundacioiris.org\/es\/#\/schema\/person\/image\/\",\"url\":\"https:\/\/secure.gravatar.com\/avatar\/389e9312672899cc87be3bfec5844e8c?s=96&d=mm&r=g\",\"contentUrl\":\"https:\/\/secure.gravatar.com\/avatar\/389e9312672899cc87be3bfec5844e8c?s=96&d=mm&r=g\",\"caption\":\"fundacioiris\"},\"sameAs\":[\"https:\/\/www.facebook.com\/fundacioiris\",\"https:\/\/www.instagram.com\/fundacio_iris\/\",\"https:\/\/www.linkedin.com\/company\/fundaci-privada-iris\/?originalSubdomain=es\"]}]}<\/script>\n<!-- \/ Yoast SEO plugin. -->","yoast_head_json":{"title":"La Fundaci\u00f3 Iris celebra Sant Jordi con una jornada de participaci\u00f3n e inclusi\u00f3n | Fundaci\u00f3 Iris","description":"La parada solidaria se convierte en un espacio de encuentro con la comunidad y de visibilizaci\u00f3n del trabajo de las personas con discapacidad intelectual","robots":{"index":"index","follow":"follow","max-snippet":"max-snippet:-1","max-image-preview":"max-image-preview:large","max-video-preview":"max-video-preview:-1"},"canonical":"https:\/\/www.fundacioiris.org\/es\/la-fundacio-iris-celebra-sant-jordi-con-una-jornada-de-participacion-e-inclusion\/","og_locale":"es_ES","og_type":"article","og_title":"La Fundaci\u00f3 Iris celebra Sant Jordi con una jornada de participaci\u00f3n e inclusi\u00f3n | Fundaci\u00f3 Iris","og_description":"La parada solidaria se convierte en un espacio de encuentro con la comunidad y de visibilizaci\u00f3n del trabajo de las personas con discapacidad intelectual","og_url":"https:\/\/www.fundacioiris.org\/es\/la-fundacio-iris-celebra-sant-jordi-con-una-jornada-de-participacion-e-inclusion\/","og_site_name":"Fundaci\u00f3 Iris","article_author":"https:\/\/www.facebook.com\/fundacioiris","article_published_time":"2026-04-24T10:56:28+00:00","og_image":[{"width":1600,"height":1200,"url":"http:\/\/www.fundacioiris.org\/wp-content\/uploads\/2026\/04\/WhatsApp-Image-2026-04-23-at-09.55.44.jpeg","type":"image\/jpeg"}],"author":"fundacioiris","twitter_card":"summary_large_image","twitter_misc":{"Escrito por":"fundacioiris","Tiempo de lectura":"2 minutos"},"schema":{"@context":"https:\/\/schema.org","@graph":[{"@type":"WebPage","@id":"https:\/\/www.fundacioiris.org\/es\/la-fundacio-iris-celebra-sant-jordi-con-una-jornada-de-participacion-e-inclusion\/","url":"https:\/\/www.fundacioiris.org\/es\/la-fundacio-iris-celebra-sant-jordi-con-una-jornada-de-participacion-e-inclusion\/","name":"La Fundaci\u00f3 Iris celebra Sant Jordi con una jornada de participaci\u00f3n e inclusi\u00f3n | Fundaci\u00f3 Iris","isPartOf":{"@id":"https:\/\/www.fundacioiris.org\/es\/#website"},"primaryImageOfPage":{"@id":"https:\/\/www.fundacioiris.org\/es\/la-fundacio-iris-celebra-sant-jordi-con-una-jornada-de-participacion-e-inclusion\/#primaryimage"},"image":{"@id":"https:\/\/www.fundacioiris.org\/es\/la-fundacio-iris-celebra-sant-jordi-con-una-jornada-de-participacion-e-inclusion\/#primaryimage"},"thumbnailUrl":"https:\/\/www.fundacioiris.org\/wp-content\/uploads\/2026\/04\/WhatsApp-Image-2026-04-23-at-09.55.44.jpeg","datePublished":"2026-04-24T10:56:28+00:00","author":{"@id":"https:\/\/www.fundacioiris.org\/es\/#\/schema\/person\/3424a3bd8939b591fd8b648e56175712"},"description":"La parada solidaria se convierte en un espacio de encuentro con la comunidad y de visibilizaci\u00f3n del trabajo de las personas con discapacidad intelectual","breadcrumb":{"@id":"https:\/\/www.fundacioiris.org\/es\/la-fundacio-iris-celebra-sant-jordi-con-una-jornada-de-participacion-e-inclusion\/#breadcrumb"},"inLanguage":"es","potentialAction":[{"@type":"ReadAction","target":["https:\/\/www.fundacioiris.org\/es\/la-fundacio-iris-celebra-sant-jordi-con-una-jornada-de-participacion-e-inclusion\/"]}]},{"@type":"ImageObject","inLanguage":"es","@id":"https:\/\/www.fundacioiris.org\/es\/la-fundacio-iris-celebra-sant-jordi-con-una-jornada-de-participacion-e-inclusion\/#primaryimage","url":"https:\/\/www.fundacioiris.org\/wp-content\/uploads\/2026\/04\/WhatsApp-Image-2026-04-23-at-09.55.44.jpeg","contentUrl":"https:\/\/www.fundacioiris.org\/wp-content\/uploads\/2026\/04\/WhatsApp-Image-2026-04-23-at-09.55.44.jpeg","width":1600,"height":1200},{"@type":"BreadcrumbList","@id":"https:\/\/www.fundacioiris.org\/es\/la-fundacio-iris-celebra-sant-jordi-con-una-jornada-de-participacion-e-inclusion\/#breadcrumb","itemListElement":[{"@type":"ListItem","position":1,"name":"Inici","item":"https:\/\/www.fundacioiris.org\/es\/"},{"@type":"ListItem","position":2,"name":"La Fundaci\u00f3 Iris celebra Sant Jordi con una jornada de participaci\u00f3n e inclusi\u00f3n"}]},{"@type":"WebSite","@id":"https:\/\/www.fundacioiris.org\/es\/#website","url":"https:\/\/www.fundacioiris.org\/es\/","name":"Fundaci\u00f3 Iris","description":"Desde 1973 al lado de las personas con discapacidad intelectual","potentialAction":[{"@type":"SearchAction","target":{"@type":"EntryPoint","urlTemplate":"https:\/\/www.fundacioiris.org\/es\/?s={search_term_string}"},"query-input":{"@type":"PropertyValueSpecification","valueRequired":true,"valueName":"search_term_string"}}],"inLanguage":"es"},{"@type":"Person","@id":"https:\/\/www.fundacioiris.org\/es\/#\/schema\/person\/3424a3bd8939b591fd8b648e56175712","name":"fundacioiris","image":{"@type":"ImageObject","inLanguage":"es","@id":"https:\/\/www.fundacioiris.org\/es\/#\/schema\/person\/image\/","url":"https:\/\/secure.gravatar.com\/avatar\/389e9312672899cc87be3bfec5844e8c?s=96&d=mm&r=g","contentUrl":"https:\/\/secure.gravatar.com\/avatar\/389e9312672899cc87be3bfec5844e8c?s=96&d=mm&r=g","caption":"fundacioiris"},"sameAs":["https:\/\/www.facebook.com\/fundacioiris","https:\/\/www.instagram.com\/fundacio_iris\/","https:\/\/www.linkedin.com\/company\/fundaci-privada-iris\/?originalSubdomain=es"]}]}},"_links":{"self":[{"href":"https:\/\/www.fundacioiris.org\/es\/wp-json\/wp\/v2\/posts\/6522"}],"collection":[{"href":"https:\/\/www.fundacioiris.org\/es\/wp-json\/wp\/v2\/posts"}],"about":[{"href":"https:\/\/www.fundacioiris.org\/es\/wp-json\/wp\/v2\/types\/post"}],"author":[{"embeddable":true,"href":"https:\/\/www.fundacioiris.org\/es\/wp-json\/wp\/v2\/users\/3"}],"replies":[{"embeddable":true,"href":"https:\/\/www.fundacioiris.org\/es\/wp-json\/wp\/v2\/comments?post=6522"}],"version-history":[{"count":1,"href":"https:\/\/www.fundacioiris.org\/es\/wp-json\/wp\/v2\/posts\/6522\/revisions"}],"predecessor-version":[{"id":6523,"href":"https:\/\/www.fundacioiris.org\/es\/wp-json\/wp\/v2\/posts\/6522\/revisions\/6523"}],"wp:featuredmedia":[{"embeddable":true,"href":"https:\/\/www.fundacioiris.org\/es\/wp-json\/wp\/v2\/media\/6519"}],"wp:attachment":[{"href":"https:\/\/www.fundacioiris.org\/es\/wp-json\/wp\/v2\/media?parent=6522"}],"wp:term":[{"taxonomy":"category","embeddable":true,"href":"https:\/\/www.fundacioiris.org\/es\/wp-json\/wp\/v2\/categories?post=6522"},{"taxonomy":"post_tag","embeddable":true,"href":"https:\/\/www.fundacioiris.org\/es\/wp-json\/wp\/v2\/tags?post=6522"}],"curies":[{"name":"wp","href":"https:\/\/api.w.org\/{rel}","templated":true}]}}