{"id":6309,"date":"2026-02-27T12:48:27","date_gmt":"2026-02-27T10:48:27","guid":{"rendered":"https:\/\/www.fundacioiris.org\/?p=6309"},"modified":"2026-02-27T12:48:27","modified_gmt":"2026-02-27T10:48:27","slug":"el-alumnado-de-la-escola-especial-iris-participa-en-el-proyecto-aula-dial-de-radio-sant-vicenc","status":"publish","type":"post","link":"https:\/\/www.fundacioiris.org\/es\/el-alumnado-de-la-escola-especial-iris-participa-en-el-proyecto-aula-dial-de-radio-sant-vicenc\/","title":{"rendered":"El alumnado de la Escola Especial Iris participa en el proyecto Aula Dial de R\u00e0dio Sant Vicen\u00e7"},"content":{"rendered":"<p data-start=\"102\" data-end=\"229\">Una iniciativa educativa que promueve la participaci\u00f3n activa y el desarrollo de competencias comunicativas en un entorno real.<\/p>\n<p data-start=\"231\" data-end=\"478\">El alumnado de la Escola Especial Iris, centro de la Fundaci\u00f3 Iris, ha participado recientemente en el proyecto Aula Dial, una iniciativa impulsada por la Concejal\u00eda de Educaci\u00f3n, R\u00e0dio Sant Vicen\u00e7 y el Servicio Educativo Baix Llobregat-6.<\/p>\n<p data-start=\"480\" data-end=\"789\">El proyecto permite que los j\u00f3venes asuman el rol de periodistas, preparando y locutando noticias que posteriormente se emiten en la emisora local. Esta experiencia trabaja la comprensi\u00f3n informativa, la expresi\u00f3n oral y escrita y el desarrollo de competencias comunicativas en un contexto real y comunitario.<\/p>\n<p data-start=\"791\" data-end=\"1036\">La participaci\u00f3n en iniciativas como Aula Dial refuerza la autonom\u00eda personal, la presencia activa en la vida del municipio y el derecho de las personas con discapacidad intelectual a formar parte de los espacios p\u00fablicos y del relato colectivo.<\/p>\n<p data-start=\"1038\" data-end=\"1224\">Desde la Fundaci\u00f3 Iris valoramos especialmente el trabajo en red con los agentes educativos y municipales, que contribuye a generar oportunidades reales de participaci\u00f3n e inclusi\u00f3n.<\/p>\n<p data-start=\"1226\" data-end=\"1316\" data-is-last-node=\"\" data-is-only-node=\"\">La comunicaci\u00f3n es una herramienta clave para la autodeterminaci\u00f3n y la ciudadan\u00eda activa.<\/p>\n<p data-start=\"1226\" data-end=\"1316\" data-is-last-node=\"\" data-is-only-node=\"\"><img loading=\"lazy\" decoding=\"async\" class=\"alignnone size-full wp-image-6299\" src=\"http:\/\/www.fundacioiris.org\/wp-content\/uploads\/2026\/02\/Captura-de-pantalla-2026-02-27-101154.png\" alt=\"\" width=\"850\" height=\"852\" srcset=\"https:\/\/www.fundacioiris.org\/wp-content\/uploads\/2026\/02\/Captura-de-pantalla-2026-02-27-101154.png 850w, https:\/\/www.fundacioiris.org\/wp-content\/uploads\/2026\/02\/Captura-de-pantalla-2026-02-27-101154-300x300.png 300w, https:\/\/www.fundacioiris.org\/wp-content\/uploads\/2026\/02\/Captura-de-pantalla-2026-02-27-101154-150x150.png 150w, https:\/\/www.fundacioiris.org\/wp-content\/uploads\/2026\/02\/Captura-de-pantalla-2026-02-27-101154-768x770.png 768w, https:\/\/www.fundacioiris.org\/wp-content\/uploads\/2026\/02\/Captura-de-pantalla-2026-02-27-101154-480x480.png 480w, https:\/\/www.fundacioiris.org\/wp-content\/uploads\/2026\/02\/Captura-de-pantalla-2026-02-27-101154-260x260.png 260w, https:\/\/www.fundacioiris.org\/wp-content\/uploads\/2026\/02\/Captura-de-pantalla-2026-02-27-101154-90x90.png 90w\" sizes=\"(max-width: 850px) 100vw, 850px\" \/><img loading=\"lazy\" decoding=\"async\" class=\"alignnone size-full wp-image-6301\" src=\"http:\/\/www.fundacioiris.org\/wp-content\/uploads\/2026\/02\/Captura-de-pantalla-2026-02-27-101212.png\" alt=\"\" width=\"853\" height=\"852\" srcset=\"https:\/\/www.fundacioiris.org\/wp-content\/uploads\/2026\/02\/Captura-de-pantalla-2026-02-27-101212.png 853w, https:\/\/www.fundacioiris.org\/wp-content\/uploads\/2026\/02\/Captura-de-pantalla-2026-02-27-101212-300x300.png 300w, https:\/\/www.fundacioiris.org\/wp-content\/uploads\/2026\/02\/Captura-de-pantalla-2026-02-27-101212-150x150.png 150w, https:\/\/www.fundacioiris.org\/wp-content\/uploads\/2026\/02\/Captura-de-pantalla-2026-02-27-101212-768x767.png 768w, https:\/\/www.fundacioiris.org\/wp-content\/uploads\/2026\/02\/Captura-de-pantalla-2026-02-27-101212-480x480.png 480w, https:\/\/www.fundacioiris.org\/wp-content\/uploads\/2026\/02\/Captura-de-pantalla-2026-02-27-101212-260x260.png 260w, https:\/\/www.fundacioiris.org\/wp-content\/uploads\/2026\/02\/Captura-de-pantalla-2026-02-27-101212-90x90.png 90w\" sizes=\"(max-width: 853px) 100vw, 853px\" \/><img loading=\"lazy\" decoding=\"async\" class=\"alignnone size-full wp-image-6303\" src=\"http:\/\/www.fundacioiris.org\/wp-content\/uploads\/2026\/02\/Captura-de-pantalla-2026-02-27-101225.png\" alt=\"\" width=\"847\" height=\"852\" srcset=\"https:\/\/www.fundacioiris.org\/wp-content\/uploads\/2026\/02\/Captura-de-pantalla-2026-02-27-101225.png 847w, https:\/\/www.fundacioiris.org\/wp-content\/uploads\/2026\/02\/Captura-de-pantalla-2026-02-27-101225-298x300.png 298w, https:\/\/www.fundacioiris.org\/wp-content\/uploads\/2026\/02\/Captura-de-pantalla-2026-02-27-101225-150x150.png 150w, https:\/\/www.fundacioiris.org\/wp-content\/uploads\/2026\/02\/Captura-de-pantalla-2026-02-27-101225-768x773.png 768w, https:\/\/www.fundacioiris.org\/wp-content\/uploads\/2026\/02\/Captura-de-pantalla-2026-02-27-101225-90x90.png 90w\" sizes=\"(max-width: 847px) 100vw, 847px\" \/><img loading=\"lazy\" decoding=\"async\" class=\"alignnone size-full wp-image-6305\" src=\"http:\/\/www.fundacioiris.org\/wp-content\/uploads\/2026\/02\/Captura-de-pantalla-2026-02-27-101239.png\" alt=\"\" width=\"848\" height=\"849\" srcset=\"https:\/\/www.fundacioiris.org\/wp-content\/uploads\/2026\/02\/Captura-de-pantalla-2026-02-27-101239.png 848w, https:\/\/www.fundacioiris.org\/wp-content\/uploads\/2026\/02\/Captura-de-pantalla-2026-02-27-101239-300x300.png 300w, https:\/\/www.fundacioiris.org\/wp-content\/uploads\/2026\/02\/Captura-de-pantalla-2026-02-27-101239-150x150.png 150w, https:\/\/www.fundacioiris.org\/wp-content\/uploads\/2026\/02\/Captura-de-pantalla-2026-02-27-101239-768x769.png 768w, https:\/\/www.fundacioiris.org\/wp-content\/uploads\/2026\/02\/Captura-de-pantalla-2026-02-27-101239-480x480.png 480w, https:\/\/www.fundacioiris.org\/wp-content\/uploads\/2026\/02\/Captura-de-pantalla-2026-02-27-101239-260x260.png 260w, https:\/\/www.fundacioiris.org\/wp-content\/uploads\/2026\/02\/Captura-de-pantalla-2026-02-27-101239-90x90.png 90w\" sizes=\"(max-width: 848px) 100vw, 848px\" \/><\/p>\n","protected":false},"excerpt":{"rendered":"<p>Una iniciativa educativa que promueve la participaci\u00f3n activa y el desarrollo de competencias comunicativas en un entorno real. El alumnado de la Escola Especial Iris, centro de la Fundaci\u00f3 Iris, ha participado recientemente en el proyecto Aula Dial, una iniciativa impulsada por la Concejal\u00eda de Educaci\u00f3n, R\u00e0dio Sant Vicen\u00e7 y el Servicio Educativo Baix Llobregat-6.<\/p>\n","protected":false},"author":3,"featured_media":6299,"comment_status":"closed","ping_status":"closed","sticky":false,"template":"","format":"standard","meta":{"_acf_changed":false,"footnotes":""},"categories":[26],"tags":[],"acf":[],"yoast_head":"<!-- This site is optimized with the Yoast SEO plugin v24.5 - https:\/\/yoast.com\/wordpress\/plugins\/seo\/ -->\n<title>El alumnado de la Escola Especial Iris participa en el proyecto Aula Dial de R\u00e0dio Sant Vicen\u00e7 | Fundaci\u00f3 Iris<\/title>\n<meta name=\"description\" content=\"Una iniciativa educativa que promueve la participaci\u00f3n activa y el desarrollo de competencias comunicativas en un entorno real. El alumnado de la Escola\" \/>\n<meta name=\"robots\" content=\"index, follow, max-snippet:-1, max-image-preview:large, max-video-preview:-1\" \/>\n<link rel=\"canonical\" href=\"https:\/\/www.fundacioiris.org\/es\/el-alumnado-de-la-escola-especial-iris-participa-en-el-proyecto-aula-dial-de-radio-sant-vicenc\/\" \/>\n<meta property=\"og:locale\" content=\"es_ES\" \/>\n<meta property=\"og:type\" content=\"article\" \/>\n<meta property=\"og:title\" content=\"El alumnado de la Escola Especial Iris participa en el proyecto Aula Dial de R\u00e0dio Sant Vicen\u00e7 | Fundaci\u00f3 Iris\" \/>\n<meta property=\"og:description\" content=\"Una iniciativa educativa que promueve la participaci\u00f3n activa y el desarrollo de competencias comunicativas en un entorno real. El alumnado de la Escola\" \/>\n<meta property=\"og:url\" content=\"https:\/\/www.fundacioiris.org\/es\/el-alumnado-de-la-escola-especial-iris-participa-en-el-proyecto-aula-dial-de-radio-sant-vicenc\/\" \/>\n<meta property=\"og:site_name\" content=\"Fundaci\u00f3 Iris\" \/>\n<meta property=\"article:author\" content=\"https:\/\/www.facebook.com\/fundacioiris\" \/>\n<meta property=\"article:published_time\" content=\"2026-02-27T10:48:27+00:00\" \/>\n<meta property=\"og:image\" content=\"http:\/\/www.fundacioiris.org\/wp-content\/uploads\/2026\/02\/Captura-de-pantalla-2026-02-27-101154.png\" \/>\n\t<meta property=\"og:image:width\" content=\"850\" \/>\n\t<meta property=\"og:image:height\" content=\"852\" \/>\n\t<meta property=\"og:image:type\" content=\"image\/png\" \/>\n<meta name=\"author\" content=\"fundacioiris\" \/>\n<meta name=\"twitter:card\" content=\"summary_large_image\" \/>\n<meta name=\"twitter:label1\" content=\"Escrito por\" \/>\n\t<meta name=\"twitter:data1\" content=\"fundacioiris\" \/>\n\t<meta name=\"twitter:label2\" content=\"Tiempo de lectura\" \/>\n\t<meta name=\"twitter:data2\" content=\"2 minutos\" \/>\n<script type=\"application\/ld+json\" class=\"yoast-schema-graph\">{\"@context\":\"https:\/\/schema.org\",\"@graph\":[{\"@type\":\"WebPage\",\"@id\":\"https:\/\/www.fundacioiris.org\/es\/el-alumnado-de-la-escola-especial-iris-participa-en-el-proyecto-aula-dial-de-radio-sant-vicenc\/\",\"url\":\"https:\/\/www.fundacioiris.org\/es\/el-alumnado-de-la-escola-especial-iris-participa-en-el-proyecto-aula-dial-de-radio-sant-vicenc\/\",\"name\":\"El alumnado de la Escola Especial Iris participa en el proyecto Aula Dial de R\u00e0dio Sant Vicen\u00e7 | Fundaci\u00f3 Iris\",\"isPartOf\":{\"@id\":\"https:\/\/www.fundacioiris.org\/es\/#website\"},\"primaryImageOfPage\":{\"@id\":\"https:\/\/www.fundacioiris.org\/es\/el-alumnado-de-la-escola-especial-iris-participa-en-el-proyecto-aula-dial-de-radio-sant-vicenc\/#primaryimage\"},\"image\":{\"@id\":\"https:\/\/www.fundacioiris.org\/es\/el-alumnado-de-la-escola-especial-iris-participa-en-el-proyecto-aula-dial-de-radio-sant-vicenc\/#primaryimage\"},\"thumbnailUrl\":\"https:\/\/www.fundacioiris.org\/wp-content\/uploads\/2026\/02\/Captura-de-pantalla-2026-02-27-101154.png\",\"datePublished\":\"2026-02-27T10:48:27+00:00\",\"author\":{\"@id\":\"https:\/\/www.fundacioiris.org\/es\/#\/schema\/person\/3424a3bd8939b591fd8b648e56175712\"},\"description\":\"Una iniciativa educativa que promueve la participaci\u00f3n activa y el desarrollo de competencias comunicativas en un entorno real. El alumnado de la Escola\",\"breadcrumb\":{\"@id\":\"https:\/\/www.fundacioiris.org\/es\/el-alumnado-de-la-escola-especial-iris-participa-en-el-proyecto-aula-dial-de-radio-sant-vicenc\/#breadcrumb\"},\"inLanguage\":\"es\",\"potentialAction\":[{\"@type\":\"ReadAction\",\"target\":[\"https:\/\/www.fundacioiris.org\/es\/el-alumnado-de-la-escola-especial-iris-participa-en-el-proyecto-aula-dial-de-radio-sant-vicenc\/\"]}]},{\"@type\":\"ImageObject\",\"inLanguage\":\"es\",\"@id\":\"https:\/\/www.fundacioiris.org\/es\/el-alumnado-de-la-escola-especial-iris-participa-en-el-proyecto-aula-dial-de-radio-sant-vicenc\/#primaryimage\",\"url\":\"https:\/\/www.fundacioiris.org\/wp-content\/uploads\/2026\/02\/Captura-de-pantalla-2026-02-27-101154.png\",\"contentUrl\":\"https:\/\/www.fundacioiris.org\/wp-content\/uploads\/2026\/02\/Captura-de-pantalla-2026-02-27-101154.png\",\"width\":850,\"height\":852},{\"@type\":\"BreadcrumbList\",\"@id\":\"https:\/\/www.fundacioiris.org\/es\/el-alumnado-de-la-escola-especial-iris-participa-en-el-proyecto-aula-dial-de-radio-sant-vicenc\/#breadcrumb\",\"itemListElement\":[{\"@type\":\"ListItem\",\"position\":1,\"name\":\"Inici\",\"item\":\"https:\/\/www.fundacioiris.org\/es\/\"},{\"@type\":\"ListItem\",\"position\":2,\"name\":\"El alumnado de la Escola Especial Iris participa en el proyecto Aula Dial de R\u00e0dio Sant Vicen\u00e7\"}]},{\"@type\":\"WebSite\",\"@id\":\"https:\/\/www.fundacioiris.org\/es\/#website\",\"url\":\"https:\/\/www.fundacioiris.org\/es\/\",\"name\":\"Fundaci\u00f3 Iris\",\"description\":\"Desde 1973 al lado de las personas con discapacidad intelectual\",\"potentialAction\":[{\"@type\":\"SearchAction\",\"target\":{\"@type\":\"EntryPoint\",\"urlTemplate\":\"https:\/\/www.fundacioiris.org\/es\/?s={search_term_string}\"},\"query-input\":{\"@type\":\"PropertyValueSpecification\",\"valueRequired\":true,\"valueName\":\"search_term_string\"}}],\"inLanguage\":\"es\"},{\"@type\":\"Person\",\"@id\":\"https:\/\/www.fundacioiris.org\/es\/#\/schema\/person\/3424a3bd8939b591fd8b648e56175712\",\"name\":\"fundacioiris\",\"image\":{\"@type\":\"ImageObject\",\"inLanguage\":\"es\",\"@id\":\"https:\/\/www.fundacioiris.org\/es\/#\/schema\/person\/image\/\",\"url\":\"https:\/\/secure.gravatar.com\/avatar\/389e9312672899cc87be3bfec5844e8c?s=96&d=mm&r=g\",\"contentUrl\":\"https:\/\/secure.gravatar.com\/avatar\/389e9312672899cc87be3bfec5844e8c?s=96&d=mm&r=g\",\"caption\":\"fundacioiris\"},\"sameAs\":[\"https:\/\/www.facebook.com\/fundacioiris\",\"https:\/\/www.instagram.com\/fundacio_iris\/\",\"https:\/\/www.linkedin.com\/company\/fundaci-privada-iris\/?originalSubdomain=es\"]}]}<\/script>\n<!-- \/ Yoast SEO plugin. -->","yoast_head_json":{"title":"El alumnado de la Escola Especial Iris participa en el proyecto Aula Dial de R\u00e0dio Sant Vicen\u00e7 | Fundaci\u00f3 Iris","description":"Una iniciativa educativa que promueve la participaci\u00f3n activa y el desarrollo de competencias comunicativas en un entorno real. El alumnado de la Escola","robots":{"index":"index","follow":"follow","max-snippet":"max-snippet:-1","max-image-preview":"max-image-preview:large","max-video-preview":"max-video-preview:-1"},"canonical":"https:\/\/www.fundacioiris.org\/es\/el-alumnado-de-la-escola-especial-iris-participa-en-el-proyecto-aula-dial-de-radio-sant-vicenc\/","og_locale":"es_ES","og_type":"article","og_title":"El alumnado de la Escola Especial Iris participa en el proyecto Aula Dial de R\u00e0dio Sant Vicen\u00e7 | Fundaci\u00f3 Iris","og_description":"Una iniciativa educativa que promueve la participaci\u00f3n activa y el desarrollo de competencias comunicativas en un entorno real. El alumnado de la Escola","og_url":"https:\/\/www.fundacioiris.org\/es\/el-alumnado-de-la-escola-especial-iris-participa-en-el-proyecto-aula-dial-de-radio-sant-vicenc\/","og_site_name":"Fundaci\u00f3 Iris","article_author":"https:\/\/www.facebook.com\/fundacioiris","article_published_time":"2026-02-27T10:48:27+00:00","og_image":[{"width":850,"height":852,"url":"http:\/\/www.fundacioiris.org\/wp-content\/uploads\/2026\/02\/Captura-de-pantalla-2026-02-27-101154.png","type":"image\/png"}],"author":"fundacioiris","twitter_card":"summary_large_image","twitter_misc":{"Escrito por":"fundacioiris","Tiempo de lectura":"2 minutos"},"schema":{"@context":"https:\/\/schema.org","@graph":[{"@type":"WebPage","@id":"https:\/\/www.fundacioiris.org\/es\/el-alumnado-de-la-escola-especial-iris-participa-en-el-proyecto-aula-dial-de-radio-sant-vicenc\/","url":"https:\/\/www.fundacioiris.org\/es\/el-alumnado-de-la-escola-especial-iris-participa-en-el-proyecto-aula-dial-de-radio-sant-vicenc\/","name":"El alumnado de la Escola Especial Iris participa en el proyecto Aula Dial de R\u00e0dio Sant Vicen\u00e7 | Fundaci\u00f3 Iris","isPartOf":{"@id":"https:\/\/www.fundacioiris.org\/es\/#website"},"primaryImageOfPage":{"@id":"https:\/\/www.fundacioiris.org\/es\/el-alumnado-de-la-escola-especial-iris-participa-en-el-proyecto-aula-dial-de-radio-sant-vicenc\/#primaryimage"},"image":{"@id":"https:\/\/www.fundacioiris.org\/es\/el-alumnado-de-la-escola-especial-iris-participa-en-el-proyecto-aula-dial-de-radio-sant-vicenc\/#primaryimage"},"thumbnailUrl":"https:\/\/www.fundacioiris.org\/wp-content\/uploads\/2026\/02\/Captura-de-pantalla-2026-02-27-101154.png","datePublished":"2026-02-27T10:48:27+00:00","author":{"@id":"https:\/\/www.fundacioiris.org\/es\/#\/schema\/person\/3424a3bd8939b591fd8b648e56175712"},"description":"Una iniciativa educativa que promueve la participaci\u00f3n activa y el desarrollo de competencias comunicativas en un entorno real. El alumnado de la Escola","breadcrumb":{"@id":"https:\/\/www.fundacioiris.org\/es\/el-alumnado-de-la-escola-especial-iris-participa-en-el-proyecto-aula-dial-de-radio-sant-vicenc\/#breadcrumb"},"inLanguage":"es","potentialAction":[{"@type":"ReadAction","target":["https:\/\/www.fundacioiris.org\/es\/el-alumnado-de-la-escola-especial-iris-participa-en-el-proyecto-aula-dial-de-radio-sant-vicenc\/"]}]},{"@type":"ImageObject","inLanguage":"es","@id":"https:\/\/www.fundacioiris.org\/es\/el-alumnado-de-la-escola-especial-iris-participa-en-el-proyecto-aula-dial-de-radio-sant-vicenc\/#primaryimage","url":"https:\/\/www.fundacioiris.org\/wp-content\/uploads\/2026\/02\/Captura-de-pantalla-2026-02-27-101154.png","contentUrl":"https:\/\/www.fundacioiris.org\/wp-content\/uploads\/2026\/02\/Captura-de-pantalla-2026-02-27-101154.png","width":850,"height":852},{"@type":"BreadcrumbList","@id":"https:\/\/www.fundacioiris.org\/es\/el-alumnado-de-la-escola-especial-iris-participa-en-el-proyecto-aula-dial-de-radio-sant-vicenc\/#breadcrumb","itemListElement":[{"@type":"ListItem","position":1,"name":"Inici","item":"https:\/\/www.fundacioiris.org\/es\/"},{"@type":"ListItem","position":2,"name":"El alumnado de la Escola Especial Iris participa en el proyecto Aula Dial de R\u00e0dio Sant Vicen\u00e7"}]},{"@type":"WebSite","@id":"https:\/\/www.fundacioiris.org\/es\/#website","url":"https:\/\/www.fundacioiris.org\/es\/","name":"Fundaci\u00f3 Iris","description":"Desde 1973 al lado de las personas con discapacidad intelectual","potentialAction":[{"@type":"SearchAction","target":{"@type":"EntryPoint","urlTemplate":"https:\/\/www.fundacioiris.org\/es\/?s={search_term_string}"},"query-input":{"@type":"PropertyValueSpecification","valueRequired":true,"valueName":"search_term_string"}}],"inLanguage":"es"},{"@type":"Person","@id":"https:\/\/www.fundacioiris.org\/es\/#\/schema\/person\/3424a3bd8939b591fd8b648e56175712","name":"fundacioiris","image":{"@type":"ImageObject","inLanguage":"es","@id":"https:\/\/www.fundacioiris.org\/es\/#\/schema\/person\/image\/","url":"https:\/\/secure.gravatar.com\/avatar\/389e9312672899cc87be3bfec5844e8c?s=96&d=mm&r=g","contentUrl":"https:\/\/secure.gravatar.com\/avatar\/389e9312672899cc87be3bfec5844e8c?s=96&d=mm&r=g","caption":"fundacioiris"},"sameAs":["https:\/\/www.facebook.com\/fundacioiris","https:\/\/www.instagram.com\/fundacio_iris\/","https:\/\/www.linkedin.com\/company\/fundaci-privada-iris\/?originalSubdomain=es"]}]}},"_links":{"self":[{"href":"https:\/\/www.fundacioiris.org\/es\/wp-json\/wp\/v2\/posts\/6309"}],"collection":[{"href":"https:\/\/www.fundacioiris.org\/es\/wp-json\/wp\/v2\/posts"}],"about":[{"href":"https:\/\/www.fundacioiris.org\/es\/wp-json\/wp\/v2\/types\/post"}],"author":[{"embeddable":true,"href":"https:\/\/www.fundacioiris.org\/es\/wp-json\/wp\/v2\/users\/3"}],"replies":[{"embeddable":true,"href":"https:\/\/www.fundacioiris.org\/es\/wp-json\/wp\/v2\/comments?post=6309"}],"version-history":[{"count":1,"href":"https:\/\/www.fundacioiris.org\/es\/wp-json\/wp\/v2\/posts\/6309\/revisions"}],"predecessor-version":[{"id":6310,"href":"https:\/\/www.fundacioiris.org\/es\/wp-json\/wp\/v2\/posts\/6309\/revisions\/6310"}],"wp:featuredmedia":[{"embeddable":true,"href":"https:\/\/www.fundacioiris.org\/es\/wp-json\/wp\/v2\/media\/6299"}],"wp:attachment":[{"href":"https:\/\/www.fundacioiris.org\/es\/wp-json\/wp\/v2\/media?parent=6309"}],"wp:term":[{"taxonomy":"category","embeddable":true,"href":"https:\/\/www.fundacioiris.org\/es\/wp-json\/wp\/v2\/categories?post=6309"},{"taxonomy":"post_tag","embeddable":true,"href":"https:\/\/www.fundacioiris.org\/es\/wp-json\/wp\/v2\/tags?post=6309"}],"curies":[{"name":"wp","href":"https:\/\/api.w.org\/{rel}","templated":true}]}}