{"id":5450,"date":"2025-09-23T13:19:38","date_gmt":"2025-09-23T11:19:38","guid":{"rendered":"https:\/\/www.fundacioiris.org\/?p=5450"},"modified":"2025-09-26T13:20:59","modified_gmt":"2025-09-26T11:20:59","slug":"salida-al-rio-llobregat-para-descubrir-las-mariposas","status":"publish","type":"post","link":"https:\/\/www.fundacioiris.org\/es\/salida-al-rio-llobregat-para-descubrir-las-mariposas\/","title":{"rendered":"Salida al r\u00edo Llobregat para descubrir las mariposas"},"content":{"rendered":"<p data-start=\"120\" data-end=\"277\">El pasado s\u00e1bado, el grupo de esplai de la Fundaci\u00f3 Iris particip\u00f3 en un itinerario guiado por el r\u00edo Llobregat centrado en la observaci\u00f3n de mariposas. \ud83e\udd8b<\/p>\n<p data-start=\"279\" data-end=\"596\">La actividad, organizada por el Ayuntamiento de Cornell\u00e0 y abierta a toda la ciudadan\u00eda, nos permiti\u00f3 detenernos, observar y descubrir la riqueza natural que tenemos tan cerca. Adem\u00e1s, fue una oportunidad para aprender curiosidades sobre las diferentes especies de mariposas y su papel fundamental en el ecosistema.<\/p>\n<p data-start=\"598\" data-end=\"727\">El grupo de esplai realiza actividades dos s\u00e1bados al mes, creando espacios de convivencia, aprendizaje y diversi\u00f3n compartida.<\/p>\n<p data-start=\"729\" data-end=\"889\">\ud83d\udcde Para m\u00e1s informaci\u00f3n, pod\u00e9is contactar con nosotros en el tel\u00e9fono <strong data-start=\"799\" data-end=\"815\">93 656 50 57<\/strong> o escribir a la coordinadora del esplai: <strong data-start=\"857\" data-end=\"887\"><a class=\"decorated-link cursor-pointer\" rel=\"noopener\" data-start=\"859\" data-end=\"885\">projectes@fundacioiris.org<\/a><\/strong><\/p>\n<p data-start=\"729\" data-end=\"889\"><img loading=\"lazy\" decoding=\"async\" class=\"alignnone size-full wp-image-5446\" src=\"http:\/\/www.fundacioiris.org\/wp-content\/uploads\/2025\/09\/Captura-de-pantalla-2025-09-26-131250.png\" alt=\"\" width=\"674\" height=\"846\" srcset=\"https:\/\/www.fundacioiris.org\/wp-content\/uploads\/2025\/09\/Captura-de-pantalla-2025-09-26-131250.png 674w, https:\/\/www.fundacioiris.org\/wp-content\/uploads\/2025\/09\/Captura-de-pantalla-2025-09-26-131250-239x300.png 239w\" sizes=\"(max-width: 674px) 100vw, 674px\" \/><img loading=\"lazy\" decoding=\"async\" class=\"alignnone size-full wp-image-5448\" src=\"http:\/\/www.fundacioiris.org\/wp-content\/uploads\/2025\/09\/Captura-de-pantalla-2025-09-26-131312.png\" alt=\"\" width=\"674\" height=\"811\" srcset=\"https:\/\/www.fundacioiris.org\/wp-content\/uploads\/2025\/09\/Captura-de-pantalla-2025-09-26-131312.png 674w, https:\/\/www.fundacioiris.org\/wp-content\/uploads\/2025\/09\/Captura-de-pantalla-2025-09-26-131312-249x300.png 249w\" sizes=\"(max-width: 674px) 100vw, 674px\" \/><\/p>\n","protected":false},"excerpt":{"rendered":"<p>El pasado s\u00e1bado, el grupo de esplai de la Fundaci\u00f3 Iris particip\u00f3 en un itinerario guiado por el r\u00edo Llobregat centrado en la observaci\u00f3n de mariposas. \ud83e\udd8b La actividad, organizada por el Ayuntamiento de Cornell\u00e0 y abierta a toda la ciudadan\u00eda, nos permiti\u00f3 detenernos, observar y descubrir la riqueza natural que tenemos tan cerca. Adem\u00e1s,<\/p>\n","protected":false},"author":3,"featured_media":5446,"comment_status":"closed","ping_status":"closed","sticky":false,"template":"","format":"standard","meta":{"_acf_changed":false,"footnotes":""},"categories":[26],"tags":[],"acf":[],"yoast_head":"<!-- This site is optimized with the Yoast SEO plugin v24.5 - https:\/\/yoast.com\/wordpress\/plugins\/seo\/ -->\n<title>Salida al r\u00edo Llobregat para descubrir las mariposas | Fundaci\u00f3 Iris<\/title>\n<meta name=\"description\" content=\"El pasado s\u00e1bado, el grupo de esplai de la Fundaci\u00f3 Iris particip\u00f3 en un itinerario guiado por el r\u00edo Llobregat centrado en la observaci\u00f3n de mariposas. \ud83e\udd8b\" \/>\n<meta name=\"robots\" content=\"index, follow, max-snippet:-1, max-image-preview:large, max-video-preview:-1\" \/>\n<link rel=\"canonical\" href=\"https:\/\/www.fundacioiris.org\/es\/salida-al-rio-llobregat-para-descubrir-las-mariposas\/\" \/>\n<meta property=\"og:locale\" content=\"es_ES\" \/>\n<meta property=\"og:type\" content=\"article\" \/>\n<meta property=\"og:title\" content=\"Salida al r\u00edo Llobregat para descubrir las mariposas | Fundaci\u00f3 Iris\" \/>\n<meta property=\"og:description\" content=\"El pasado s\u00e1bado, el grupo de esplai de la Fundaci\u00f3 Iris particip\u00f3 en un itinerario guiado por el r\u00edo Llobregat centrado en la observaci\u00f3n de mariposas. \ud83e\udd8b\" \/>\n<meta property=\"og:url\" content=\"https:\/\/www.fundacioiris.org\/es\/salida-al-rio-llobregat-para-descubrir-las-mariposas\/\" \/>\n<meta property=\"og:site_name\" content=\"Fundaci\u00f3 Iris\" \/>\n<meta property=\"article:author\" content=\"https:\/\/www.facebook.com\/fundacioiris\" \/>\n<meta property=\"article:published_time\" content=\"2025-09-23T11:19:38+00:00\" \/>\n<meta property=\"article:modified_time\" content=\"2025-09-26T11:20:59+00:00\" \/>\n<meta property=\"og:image\" content=\"http:\/\/www.fundacioiris.org\/wp-content\/uploads\/2025\/09\/Captura-de-pantalla-2025-09-26-131250.png\" \/>\n\t<meta property=\"og:image:width\" content=\"674\" \/>\n\t<meta property=\"og:image:height\" content=\"846\" \/>\n\t<meta property=\"og:image:type\" content=\"image\/png\" \/>\n<meta name=\"author\" content=\"fundacioiris\" \/>\n<meta name=\"twitter:card\" content=\"summary_large_image\" \/>\n<meta name=\"twitter:label1\" content=\"Escrito por\" \/>\n\t<meta name=\"twitter:data1\" content=\"fundacioiris\" \/>\n\t<meta name=\"twitter:label2\" content=\"Tiempo de lectura\" \/>\n\t<meta name=\"twitter:data2\" content=\"2 minutos\" \/>\n<script type=\"application\/ld+json\" class=\"yoast-schema-graph\">{\"@context\":\"https:\/\/schema.org\",\"@graph\":[{\"@type\":\"WebPage\",\"@id\":\"https:\/\/www.fundacioiris.org\/es\/salida-al-rio-llobregat-para-descubrir-las-mariposas\/\",\"url\":\"https:\/\/www.fundacioiris.org\/es\/salida-al-rio-llobregat-para-descubrir-las-mariposas\/\",\"name\":\"Salida al r\u00edo Llobregat para descubrir las mariposas | Fundaci\u00f3 Iris\",\"isPartOf\":{\"@id\":\"https:\/\/www.fundacioiris.org\/es\/#website\"},\"primaryImageOfPage\":{\"@id\":\"https:\/\/www.fundacioiris.org\/es\/salida-al-rio-llobregat-para-descubrir-las-mariposas\/#primaryimage\"},\"image\":{\"@id\":\"https:\/\/www.fundacioiris.org\/es\/salida-al-rio-llobregat-para-descubrir-las-mariposas\/#primaryimage\"},\"thumbnailUrl\":\"https:\/\/www.fundacioiris.org\/wp-content\/uploads\/2025\/09\/Captura-de-pantalla-2025-09-26-131250.png\",\"datePublished\":\"2025-09-23T11:19:38+00:00\",\"dateModified\":\"2025-09-26T11:20:59+00:00\",\"author\":{\"@id\":\"https:\/\/www.fundacioiris.org\/es\/#\/schema\/person\/3424a3bd8939b591fd8b648e56175712\"},\"description\":\"El pasado s\u00e1bado, el grupo de esplai de la Fundaci\u00f3 Iris particip\u00f3 en un itinerario guiado por el r\u00edo Llobregat centrado en la observaci\u00f3n de mariposas. \ud83e\udd8b\",\"breadcrumb\":{\"@id\":\"https:\/\/www.fundacioiris.org\/es\/salida-al-rio-llobregat-para-descubrir-las-mariposas\/#breadcrumb\"},\"inLanguage\":\"es\",\"potentialAction\":[{\"@type\":\"ReadAction\",\"target\":[\"https:\/\/www.fundacioiris.org\/es\/salida-al-rio-llobregat-para-descubrir-las-mariposas\/\"]}]},{\"@type\":\"ImageObject\",\"inLanguage\":\"es\",\"@id\":\"https:\/\/www.fundacioiris.org\/es\/salida-al-rio-llobregat-para-descubrir-las-mariposas\/#primaryimage\",\"url\":\"https:\/\/www.fundacioiris.org\/wp-content\/uploads\/2025\/09\/Captura-de-pantalla-2025-09-26-131250.png\",\"contentUrl\":\"https:\/\/www.fundacioiris.org\/wp-content\/uploads\/2025\/09\/Captura-de-pantalla-2025-09-26-131250.png\",\"width\":674,\"height\":846},{\"@type\":\"BreadcrumbList\",\"@id\":\"https:\/\/www.fundacioiris.org\/es\/salida-al-rio-llobregat-para-descubrir-las-mariposas\/#breadcrumb\",\"itemListElement\":[{\"@type\":\"ListItem\",\"position\":1,\"name\":\"Inici\",\"item\":\"https:\/\/www.fundacioiris.org\/es\/\"},{\"@type\":\"ListItem\",\"position\":2,\"name\":\"Salida al r\u00edo Llobregat para descubrir las mariposas\"}]},{\"@type\":\"WebSite\",\"@id\":\"https:\/\/www.fundacioiris.org\/es\/#website\",\"url\":\"https:\/\/www.fundacioiris.org\/es\/\",\"name\":\"Fundaci\u00f3 Iris\",\"description\":\"Desde 1973 al lado de las personas con discapacidad intelectual\",\"potentialAction\":[{\"@type\":\"SearchAction\",\"target\":{\"@type\":\"EntryPoint\",\"urlTemplate\":\"https:\/\/www.fundacioiris.org\/es\/?s={search_term_string}\"},\"query-input\":{\"@type\":\"PropertyValueSpecification\",\"valueRequired\":true,\"valueName\":\"search_term_string\"}}],\"inLanguage\":\"es\"},{\"@type\":\"Person\",\"@id\":\"https:\/\/www.fundacioiris.org\/es\/#\/schema\/person\/3424a3bd8939b591fd8b648e56175712\",\"name\":\"fundacioiris\",\"image\":{\"@type\":\"ImageObject\",\"inLanguage\":\"es\",\"@id\":\"https:\/\/www.fundacioiris.org\/es\/#\/schema\/person\/image\/\",\"url\":\"https:\/\/secure.gravatar.com\/avatar\/389e9312672899cc87be3bfec5844e8c?s=96&d=mm&r=g\",\"contentUrl\":\"https:\/\/secure.gravatar.com\/avatar\/389e9312672899cc87be3bfec5844e8c?s=96&d=mm&r=g\",\"caption\":\"fundacioiris\"},\"sameAs\":[\"https:\/\/www.facebook.com\/fundacioiris\",\"https:\/\/www.instagram.com\/fundacio_iris\/\",\"https:\/\/www.linkedin.com\/company\/fundaci-privada-iris\/?originalSubdomain=es\"]}]}<\/script>\n<!-- \/ Yoast SEO plugin. -->","yoast_head_json":{"title":"Salida al r\u00edo Llobregat para descubrir las mariposas | Fundaci\u00f3 Iris","description":"El pasado s\u00e1bado, el grupo de esplai de la Fundaci\u00f3 Iris particip\u00f3 en un itinerario guiado por el r\u00edo Llobregat centrado en la observaci\u00f3n de mariposas. \ud83e\udd8b","robots":{"index":"index","follow":"follow","max-snippet":"max-snippet:-1","max-image-preview":"max-image-preview:large","max-video-preview":"max-video-preview:-1"},"canonical":"https:\/\/www.fundacioiris.org\/es\/salida-al-rio-llobregat-para-descubrir-las-mariposas\/","og_locale":"es_ES","og_type":"article","og_title":"Salida al r\u00edo Llobregat para descubrir las mariposas | Fundaci\u00f3 Iris","og_description":"El pasado s\u00e1bado, el grupo de esplai de la Fundaci\u00f3 Iris particip\u00f3 en un itinerario guiado por el r\u00edo Llobregat centrado en la observaci\u00f3n de mariposas. \ud83e\udd8b","og_url":"https:\/\/www.fundacioiris.org\/es\/salida-al-rio-llobregat-para-descubrir-las-mariposas\/","og_site_name":"Fundaci\u00f3 Iris","article_author":"https:\/\/www.facebook.com\/fundacioiris","article_published_time":"2025-09-23T11:19:38+00:00","article_modified_time":"2025-09-26T11:20:59+00:00","og_image":[{"width":674,"height":846,"url":"http:\/\/www.fundacioiris.org\/wp-content\/uploads\/2025\/09\/Captura-de-pantalla-2025-09-26-131250.png","type":"image\/png"}],"author":"fundacioiris","twitter_card":"summary_large_image","twitter_misc":{"Escrito por":"fundacioiris","Tiempo de lectura":"2 minutos"},"schema":{"@context":"https:\/\/schema.org","@graph":[{"@type":"WebPage","@id":"https:\/\/www.fundacioiris.org\/es\/salida-al-rio-llobregat-para-descubrir-las-mariposas\/","url":"https:\/\/www.fundacioiris.org\/es\/salida-al-rio-llobregat-para-descubrir-las-mariposas\/","name":"Salida al r\u00edo Llobregat para descubrir las mariposas | Fundaci\u00f3 Iris","isPartOf":{"@id":"https:\/\/www.fundacioiris.org\/es\/#website"},"primaryImageOfPage":{"@id":"https:\/\/www.fundacioiris.org\/es\/salida-al-rio-llobregat-para-descubrir-las-mariposas\/#primaryimage"},"image":{"@id":"https:\/\/www.fundacioiris.org\/es\/salida-al-rio-llobregat-para-descubrir-las-mariposas\/#primaryimage"},"thumbnailUrl":"https:\/\/www.fundacioiris.org\/wp-content\/uploads\/2025\/09\/Captura-de-pantalla-2025-09-26-131250.png","datePublished":"2025-09-23T11:19:38+00:00","dateModified":"2025-09-26T11:20:59+00:00","author":{"@id":"https:\/\/www.fundacioiris.org\/es\/#\/schema\/person\/3424a3bd8939b591fd8b648e56175712"},"description":"El pasado s\u00e1bado, el grupo de esplai de la Fundaci\u00f3 Iris particip\u00f3 en un itinerario guiado por el r\u00edo Llobregat centrado en la observaci\u00f3n de mariposas. \ud83e\udd8b","breadcrumb":{"@id":"https:\/\/www.fundacioiris.org\/es\/salida-al-rio-llobregat-para-descubrir-las-mariposas\/#breadcrumb"},"inLanguage":"es","potentialAction":[{"@type":"ReadAction","target":["https:\/\/www.fundacioiris.org\/es\/salida-al-rio-llobregat-para-descubrir-las-mariposas\/"]}]},{"@type":"ImageObject","inLanguage":"es","@id":"https:\/\/www.fundacioiris.org\/es\/salida-al-rio-llobregat-para-descubrir-las-mariposas\/#primaryimage","url":"https:\/\/www.fundacioiris.org\/wp-content\/uploads\/2025\/09\/Captura-de-pantalla-2025-09-26-131250.png","contentUrl":"https:\/\/www.fundacioiris.org\/wp-content\/uploads\/2025\/09\/Captura-de-pantalla-2025-09-26-131250.png","width":674,"height":846},{"@type":"BreadcrumbList","@id":"https:\/\/www.fundacioiris.org\/es\/salida-al-rio-llobregat-para-descubrir-las-mariposas\/#breadcrumb","itemListElement":[{"@type":"ListItem","position":1,"name":"Inici","item":"https:\/\/www.fundacioiris.org\/es\/"},{"@type":"ListItem","position":2,"name":"Salida al r\u00edo Llobregat para descubrir las mariposas"}]},{"@type":"WebSite","@id":"https:\/\/www.fundacioiris.org\/es\/#website","url":"https:\/\/www.fundacioiris.org\/es\/","name":"Fundaci\u00f3 Iris","description":"Desde 1973 al lado de las personas con discapacidad intelectual","potentialAction":[{"@type":"SearchAction","target":{"@type":"EntryPoint","urlTemplate":"https:\/\/www.fundacioiris.org\/es\/?s={search_term_string}"},"query-input":{"@type":"PropertyValueSpecification","valueRequired":true,"valueName":"search_term_string"}}],"inLanguage":"es"},{"@type":"Person","@id":"https:\/\/www.fundacioiris.org\/es\/#\/schema\/person\/3424a3bd8939b591fd8b648e56175712","name":"fundacioiris","image":{"@type":"ImageObject","inLanguage":"es","@id":"https:\/\/www.fundacioiris.org\/es\/#\/schema\/person\/image\/","url":"https:\/\/secure.gravatar.com\/avatar\/389e9312672899cc87be3bfec5844e8c?s=96&d=mm&r=g","contentUrl":"https:\/\/secure.gravatar.com\/avatar\/389e9312672899cc87be3bfec5844e8c?s=96&d=mm&r=g","caption":"fundacioiris"},"sameAs":["https:\/\/www.facebook.com\/fundacioiris","https:\/\/www.instagram.com\/fundacio_iris\/","https:\/\/www.linkedin.com\/company\/fundaci-privada-iris\/?originalSubdomain=es"]}]}},"_links":{"self":[{"href":"https:\/\/www.fundacioiris.org\/es\/wp-json\/wp\/v2\/posts\/5450"}],"collection":[{"href":"https:\/\/www.fundacioiris.org\/es\/wp-json\/wp\/v2\/posts"}],"about":[{"href":"https:\/\/www.fundacioiris.org\/es\/wp-json\/wp\/v2\/types\/post"}],"author":[{"embeddable":true,"href":"https:\/\/www.fundacioiris.org\/es\/wp-json\/wp\/v2\/users\/3"}],"replies":[{"embeddable":true,"href":"https:\/\/www.fundacioiris.org\/es\/wp-json\/wp\/v2\/comments?post=5450"}],"version-history":[{"count":1,"href":"https:\/\/www.fundacioiris.org\/es\/wp-json\/wp\/v2\/posts\/5450\/revisions"}],"predecessor-version":[{"id":5451,"href":"https:\/\/www.fundacioiris.org\/es\/wp-json\/wp\/v2\/posts\/5450\/revisions\/5451"}],"wp:featuredmedia":[{"embeddable":true,"href":"https:\/\/www.fundacioiris.org\/es\/wp-json\/wp\/v2\/media\/5446"}],"wp:attachment":[{"href":"https:\/\/www.fundacioiris.org\/es\/wp-json\/wp\/v2\/media?parent=5450"}],"wp:term":[{"taxonomy":"category","embeddable":true,"href":"https:\/\/www.fundacioiris.org\/es\/wp-json\/wp\/v2\/categories?post=5450"},{"taxonomy":"post_tag","embeddable":true,"href":"https:\/\/www.fundacioiris.org\/es\/wp-json\/wp\/v2\/tags?post=5450"}],"curies":[{"name":"wp","href":"https:\/\/api.w.org\/{rel}","templated":true}]}}