{"id":5440,"date":"2025-09-18T13:04:00","date_gmt":"2025-09-18T11:04:00","guid":{"rendered":"https:\/\/www.fundacioiris.org\/?p=5440"},"modified":"2025-09-26T13:05:46","modified_gmt":"2025-09-26T11:05:46","slug":"formaciones-en-consumo-para-personas-con-discapacidad-familias-y-profesionales","status":"publish","type":"post","link":"https:\/\/www.fundacioiris.org\/es\/formaciones-en-consumo-para-personas-con-discapacidad-familias-y-profesionales\/","title":{"rendered":"Formaciones en consumo para personas con discapacidad, familias y profesionales"},"content":{"rendered":"<p data-start=\"131\" data-end=\"308\">Desde septiembre y hasta diciembre, DINCAT y AICEC-ADICAE ofrecen un ciclo de charlas gratuitas para aprender y profundizar en aspectos clave del consumo responsable y seguro.<\/p>\n<p data-start=\"310\" data-end=\"357\">Estas sesiones abordan temas tan \u00fatiles como:<\/p>\n<ul>\n<li data-start=\"360\" data-end=\"404\">Los derechos de las personas consumidoras.<\/li>\n<li data-start=\"407\" data-end=\"445\">La gesti\u00f3n de las cuentas bancarias.<\/li>\n<li data-start=\"448\" data-end=\"520\">La lectura y comprensi\u00f3n de facturas de luz, agua y otros suministros.<\/li>\n<li data-start=\"523\" data-end=\"560\">La prevenci\u00f3n de fraudes y estafas.<\/li>\n<li data-start=\"563\" data-end=\"623\">Recomendaciones para viajar con seguridad en tren y avi\u00f3n.<\/li>\n<\/ul>\n<p data-start=\"625\" data-end=\"810\">En Fundaci\u00f3 Iris colaboramos ofreciendo nuestros espacios para que los compa\u00f1eros y compa\u00f1eras del Centro Especial de Trabajo puedan participar y resolver sus dudas de manera directa.<\/p>\n<p data-start=\"812\" data-end=\"1014\">Con esta iniciativa, seguimos reforzando nuestro compromiso con la formaci\u00f3n y la autonom\u00eda de las personas con discapacidad intelectual, poniendo al alcance conocimientos pr\u00e1cticos para el d\u00eda a d\u00eda.<\/p>\n<p data-start=\"812\" data-end=\"1014\"><img loading=\"lazy\" decoding=\"async\" class=\"alignnone size-full wp-image-5438\" src=\"http:\/\/www.fundacioiris.org\/wp-content\/uploads\/2025\/09\/Captura-de-pantalla-2025-09-26-125655.png\" alt=\"\" width=\"833\" height=\"635\" srcset=\"https:\/\/www.fundacioiris.org\/wp-content\/uploads\/2025\/09\/Captura-de-pantalla-2025-09-26-125655.png 833w, https:\/\/www.fundacioiris.org\/wp-content\/uploads\/2025\/09\/Captura-de-pantalla-2025-09-26-125655-300x229.png 300w, https:\/\/www.fundacioiris.org\/wp-content\/uploads\/2025\/09\/Captura-de-pantalla-2025-09-26-125655-768x585.png 768w\" sizes=\"(max-width: 833px) 100vw, 833px\" \/><\/p>\n","protected":false},"excerpt":{"rendered":"<p>Desde septiembre y hasta diciembre, DINCAT y AICEC-ADICAE ofrecen un ciclo de charlas gratuitas para aprender y profundizar en aspectos clave del consumo responsable y seguro. Estas sesiones abordan temas tan \u00fatiles como: Los derechos de las personas consumidoras. La gesti\u00f3n de las cuentas bancarias. La lectura y comprensi\u00f3n de facturas de luz, agua y<\/p>\n","protected":false},"author":3,"featured_media":5438,"comment_status":"closed","ping_status":"closed","sticky":false,"template":"","format":"standard","meta":{"_acf_changed":false,"footnotes":""},"categories":[26],"tags":[],"acf":[],"yoast_head":"<!-- This site is optimized with the Yoast SEO plugin v24.5 - https:\/\/yoast.com\/wordpress\/plugins\/seo\/ -->\n<title>Formaciones en consumo para personas con discapacidad, familias y profesionales | Fundaci\u00f3 Iris<\/title>\n<meta name=\"description\" content=\"Desde septiembre y hasta diciembre, DINCAT y AICEC-ADICAE ofrecen un ciclo de charlas gratuitas para aprender y profundizar en aspectos clave del consumo\" \/>\n<meta name=\"robots\" content=\"index, follow, max-snippet:-1, max-image-preview:large, max-video-preview:-1\" \/>\n<link rel=\"canonical\" href=\"https:\/\/www.fundacioiris.org\/es\/formaciones-en-consumo-para-personas-con-discapacidad-familias-y-profesionales\/\" \/>\n<meta property=\"og:locale\" content=\"es_ES\" \/>\n<meta property=\"og:type\" content=\"article\" \/>\n<meta property=\"og:title\" content=\"Formaciones en consumo para personas con discapacidad, familias y profesionales | Fundaci\u00f3 Iris\" \/>\n<meta property=\"og:description\" content=\"Desde septiembre y hasta diciembre, DINCAT y AICEC-ADICAE ofrecen un ciclo de charlas gratuitas para aprender y profundizar en aspectos clave del consumo\" \/>\n<meta property=\"og:url\" content=\"https:\/\/www.fundacioiris.org\/es\/formaciones-en-consumo-para-personas-con-discapacidad-familias-y-profesionales\/\" \/>\n<meta property=\"og:site_name\" content=\"Fundaci\u00f3 Iris\" \/>\n<meta property=\"article:author\" content=\"https:\/\/www.facebook.com\/fundacioiris\" \/>\n<meta property=\"article:published_time\" content=\"2025-09-18T11:04:00+00:00\" \/>\n<meta property=\"article:modified_time\" content=\"2025-09-26T11:05:46+00:00\" \/>\n<meta property=\"og:image\" content=\"http:\/\/www.fundacioiris.org\/wp-content\/uploads\/2025\/09\/Captura-de-pantalla-2025-09-26-125655.png\" \/>\n\t<meta property=\"og:image:width\" content=\"833\" \/>\n\t<meta property=\"og:image:height\" content=\"635\" \/>\n\t<meta property=\"og:image:type\" content=\"image\/png\" \/>\n<meta name=\"author\" content=\"fundacioiris\" \/>\n<meta name=\"twitter:card\" content=\"summary_large_image\" \/>\n<meta name=\"twitter:label1\" content=\"Escrito por\" \/>\n\t<meta name=\"twitter:data1\" content=\"fundacioiris\" \/>\n\t<meta name=\"twitter:label2\" content=\"Tiempo de lectura\" \/>\n\t<meta name=\"twitter:data2\" content=\"2 minutos\" \/>\n<script type=\"application\/ld+json\" class=\"yoast-schema-graph\">{\"@context\":\"https:\/\/schema.org\",\"@graph\":[{\"@type\":\"WebPage\",\"@id\":\"https:\/\/www.fundacioiris.org\/es\/formaciones-en-consumo-para-personas-con-discapacidad-familias-y-profesionales\/\",\"url\":\"https:\/\/www.fundacioiris.org\/es\/formaciones-en-consumo-para-personas-con-discapacidad-familias-y-profesionales\/\",\"name\":\"Formaciones en consumo para personas con discapacidad, familias y profesionales | Fundaci\u00f3 Iris\",\"isPartOf\":{\"@id\":\"https:\/\/www.fundacioiris.org\/es\/#website\"},\"primaryImageOfPage\":{\"@id\":\"https:\/\/www.fundacioiris.org\/es\/formaciones-en-consumo-para-personas-con-discapacidad-familias-y-profesionales\/#primaryimage\"},\"image\":{\"@id\":\"https:\/\/www.fundacioiris.org\/es\/formaciones-en-consumo-para-personas-con-discapacidad-familias-y-profesionales\/#primaryimage\"},\"thumbnailUrl\":\"https:\/\/www.fundacioiris.org\/wp-content\/uploads\/2025\/09\/Captura-de-pantalla-2025-09-26-125655.png\",\"datePublished\":\"2025-09-18T11:04:00+00:00\",\"dateModified\":\"2025-09-26T11:05:46+00:00\",\"author\":{\"@id\":\"https:\/\/www.fundacioiris.org\/es\/#\/schema\/person\/3424a3bd8939b591fd8b648e56175712\"},\"description\":\"Desde septiembre y hasta diciembre, DINCAT y AICEC-ADICAE ofrecen un ciclo de charlas gratuitas para aprender y profundizar en aspectos clave del consumo\",\"breadcrumb\":{\"@id\":\"https:\/\/www.fundacioiris.org\/es\/formaciones-en-consumo-para-personas-con-discapacidad-familias-y-profesionales\/#breadcrumb\"},\"inLanguage\":\"es\",\"potentialAction\":[{\"@type\":\"ReadAction\",\"target\":[\"https:\/\/www.fundacioiris.org\/es\/formaciones-en-consumo-para-personas-con-discapacidad-familias-y-profesionales\/\"]}]},{\"@type\":\"ImageObject\",\"inLanguage\":\"es\",\"@id\":\"https:\/\/www.fundacioiris.org\/es\/formaciones-en-consumo-para-personas-con-discapacidad-familias-y-profesionales\/#primaryimage\",\"url\":\"https:\/\/www.fundacioiris.org\/wp-content\/uploads\/2025\/09\/Captura-de-pantalla-2025-09-26-125655.png\",\"contentUrl\":\"https:\/\/www.fundacioiris.org\/wp-content\/uploads\/2025\/09\/Captura-de-pantalla-2025-09-26-125655.png\",\"width\":833,\"height\":635},{\"@type\":\"BreadcrumbList\",\"@id\":\"https:\/\/www.fundacioiris.org\/es\/formaciones-en-consumo-para-personas-con-discapacidad-familias-y-profesionales\/#breadcrumb\",\"itemListElement\":[{\"@type\":\"ListItem\",\"position\":1,\"name\":\"Inici\",\"item\":\"https:\/\/www.fundacioiris.org\/es\/\"},{\"@type\":\"ListItem\",\"position\":2,\"name\":\"Formaciones en consumo para personas con discapacidad, familias y profesionales\"}]},{\"@type\":\"WebSite\",\"@id\":\"https:\/\/www.fundacioiris.org\/es\/#website\",\"url\":\"https:\/\/www.fundacioiris.org\/es\/\",\"name\":\"Fundaci\u00f3 Iris\",\"description\":\"Desde 1973 al lado de las personas con discapacidad intelectual\",\"potentialAction\":[{\"@type\":\"SearchAction\",\"target\":{\"@type\":\"EntryPoint\",\"urlTemplate\":\"https:\/\/www.fundacioiris.org\/es\/?s={search_term_string}\"},\"query-input\":{\"@type\":\"PropertyValueSpecification\",\"valueRequired\":true,\"valueName\":\"search_term_string\"}}],\"inLanguage\":\"es\"},{\"@type\":\"Person\",\"@id\":\"https:\/\/www.fundacioiris.org\/es\/#\/schema\/person\/3424a3bd8939b591fd8b648e56175712\",\"name\":\"fundacioiris\",\"image\":{\"@type\":\"ImageObject\",\"inLanguage\":\"es\",\"@id\":\"https:\/\/www.fundacioiris.org\/es\/#\/schema\/person\/image\/\",\"url\":\"https:\/\/secure.gravatar.com\/avatar\/389e9312672899cc87be3bfec5844e8c?s=96&d=mm&r=g\",\"contentUrl\":\"https:\/\/secure.gravatar.com\/avatar\/389e9312672899cc87be3bfec5844e8c?s=96&d=mm&r=g\",\"caption\":\"fundacioiris\"},\"sameAs\":[\"https:\/\/www.facebook.com\/fundacioiris\",\"https:\/\/www.instagram.com\/fundacio_iris\/\",\"https:\/\/www.linkedin.com\/company\/fundaci-privada-iris\/?originalSubdomain=es\"]}]}<\/script>\n<!-- \/ Yoast SEO plugin. -->","yoast_head_json":{"title":"Formaciones en consumo para personas con discapacidad, familias y profesionales | Fundaci\u00f3 Iris","description":"Desde septiembre y hasta diciembre, DINCAT y AICEC-ADICAE ofrecen un ciclo de charlas gratuitas para aprender y profundizar en aspectos clave del consumo","robots":{"index":"index","follow":"follow","max-snippet":"max-snippet:-1","max-image-preview":"max-image-preview:large","max-video-preview":"max-video-preview:-1"},"canonical":"https:\/\/www.fundacioiris.org\/es\/formaciones-en-consumo-para-personas-con-discapacidad-familias-y-profesionales\/","og_locale":"es_ES","og_type":"article","og_title":"Formaciones en consumo para personas con discapacidad, familias y profesionales | Fundaci\u00f3 Iris","og_description":"Desde septiembre y hasta diciembre, DINCAT y AICEC-ADICAE ofrecen un ciclo de charlas gratuitas para aprender y profundizar en aspectos clave del consumo","og_url":"https:\/\/www.fundacioiris.org\/es\/formaciones-en-consumo-para-personas-con-discapacidad-familias-y-profesionales\/","og_site_name":"Fundaci\u00f3 Iris","article_author":"https:\/\/www.facebook.com\/fundacioiris","article_published_time":"2025-09-18T11:04:00+00:00","article_modified_time":"2025-09-26T11:05:46+00:00","og_image":[{"width":833,"height":635,"url":"http:\/\/www.fundacioiris.org\/wp-content\/uploads\/2025\/09\/Captura-de-pantalla-2025-09-26-125655.png","type":"image\/png"}],"author":"fundacioiris","twitter_card":"summary_large_image","twitter_misc":{"Escrito por":"fundacioiris","Tiempo de lectura":"2 minutos"},"schema":{"@context":"https:\/\/schema.org","@graph":[{"@type":"WebPage","@id":"https:\/\/www.fundacioiris.org\/es\/formaciones-en-consumo-para-personas-con-discapacidad-familias-y-profesionales\/","url":"https:\/\/www.fundacioiris.org\/es\/formaciones-en-consumo-para-personas-con-discapacidad-familias-y-profesionales\/","name":"Formaciones en consumo para personas con discapacidad, familias y profesionales | Fundaci\u00f3 Iris","isPartOf":{"@id":"https:\/\/www.fundacioiris.org\/es\/#website"},"primaryImageOfPage":{"@id":"https:\/\/www.fundacioiris.org\/es\/formaciones-en-consumo-para-personas-con-discapacidad-familias-y-profesionales\/#primaryimage"},"image":{"@id":"https:\/\/www.fundacioiris.org\/es\/formaciones-en-consumo-para-personas-con-discapacidad-familias-y-profesionales\/#primaryimage"},"thumbnailUrl":"https:\/\/www.fundacioiris.org\/wp-content\/uploads\/2025\/09\/Captura-de-pantalla-2025-09-26-125655.png","datePublished":"2025-09-18T11:04:00+00:00","dateModified":"2025-09-26T11:05:46+00:00","author":{"@id":"https:\/\/www.fundacioiris.org\/es\/#\/schema\/person\/3424a3bd8939b591fd8b648e56175712"},"description":"Desde septiembre y hasta diciembre, DINCAT y AICEC-ADICAE ofrecen un ciclo de charlas gratuitas para aprender y profundizar en aspectos clave del consumo","breadcrumb":{"@id":"https:\/\/www.fundacioiris.org\/es\/formaciones-en-consumo-para-personas-con-discapacidad-familias-y-profesionales\/#breadcrumb"},"inLanguage":"es","potentialAction":[{"@type":"ReadAction","target":["https:\/\/www.fundacioiris.org\/es\/formaciones-en-consumo-para-personas-con-discapacidad-familias-y-profesionales\/"]}]},{"@type":"ImageObject","inLanguage":"es","@id":"https:\/\/www.fundacioiris.org\/es\/formaciones-en-consumo-para-personas-con-discapacidad-familias-y-profesionales\/#primaryimage","url":"https:\/\/www.fundacioiris.org\/wp-content\/uploads\/2025\/09\/Captura-de-pantalla-2025-09-26-125655.png","contentUrl":"https:\/\/www.fundacioiris.org\/wp-content\/uploads\/2025\/09\/Captura-de-pantalla-2025-09-26-125655.png","width":833,"height":635},{"@type":"BreadcrumbList","@id":"https:\/\/www.fundacioiris.org\/es\/formaciones-en-consumo-para-personas-con-discapacidad-familias-y-profesionales\/#breadcrumb","itemListElement":[{"@type":"ListItem","position":1,"name":"Inici","item":"https:\/\/www.fundacioiris.org\/es\/"},{"@type":"ListItem","position":2,"name":"Formaciones en consumo para personas con discapacidad, familias y profesionales"}]},{"@type":"WebSite","@id":"https:\/\/www.fundacioiris.org\/es\/#website","url":"https:\/\/www.fundacioiris.org\/es\/","name":"Fundaci\u00f3 Iris","description":"Desde 1973 al lado de las personas con discapacidad intelectual","potentialAction":[{"@type":"SearchAction","target":{"@type":"EntryPoint","urlTemplate":"https:\/\/www.fundacioiris.org\/es\/?s={search_term_string}"},"query-input":{"@type":"PropertyValueSpecification","valueRequired":true,"valueName":"search_term_string"}}],"inLanguage":"es"},{"@type":"Person","@id":"https:\/\/www.fundacioiris.org\/es\/#\/schema\/person\/3424a3bd8939b591fd8b648e56175712","name":"fundacioiris","image":{"@type":"ImageObject","inLanguage":"es","@id":"https:\/\/www.fundacioiris.org\/es\/#\/schema\/person\/image\/","url":"https:\/\/secure.gravatar.com\/avatar\/389e9312672899cc87be3bfec5844e8c?s=96&d=mm&r=g","contentUrl":"https:\/\/secure.gravatar.com\/avatar\/389e9312672899cc87be3bfec5844e8c?s=96&d=mm&r=g","caption":"fundacioiris"},"sameAs":["https:\/\/www.facebook.com\/fundacioiris","https:\/\/www.instagram.com\/fundacio_iris\/","https:\/\/www.linkedin.com\/company\/fundaci-privada-iris\/?originalSubdomain=es"]}]}},"_links":{"self":[{"href":"https:\/\/www.fundacioiris.org\/es\/wp-json\/wp\/v2\/posts\/5440"}],"collection":[{"href":"https:\/\/www.fundacioiris.org\/es\/wp-json\/wp\/v2\/posts"}],"about":[{"href":"https:\/\/www.fundacioiris.org\/es\/wp-json\/wp\/v2\/types\/post"}],"author":[{"embeddable":true,"href":"https:\/\/www.fundacioiris.org\/es\/wp-json\/wp\/v2\/users\/3"}],"replies":[{"embeddable":true,"href":"https:\/\/www.fundacioiris.org\/es\/wp-json\/wp\/v2\/comments?post=5440"}],"version-history":[{"count":1,"href":"https:\/\/www.fundacioiris.org\/es\/wp-json\/wp\/v2\/posts\/5440\/revisions"}],"predecessor-version":[{"id":5441,"href":"https:\/\/www.fundacioiris.org\/es\/wp-json\/wp\/v2\/posts\/5440\/revisions\/5441"}],"wp:featuredmedia":[{"embeddable":true,"href":"https:\/\/www.fundacioiris.org\/es\/wp-json\/wp\/v2\/media\/5438"}],"wp:attachment":[{"href":"https:\/\/www.fundacioiris.org\/es\/wp-json\/wp\/v2\/media?parent=5440"}],"wp:term":[{"taxonomy":"category","embeddable":true,"href":"https:\/\/www.fundacioiris.org\/es\/wp-json\/wp\/v2\/categories?post=5440"},{"taxonomy":"post_tag","embeddable":true,"href":"https:\/\/www.fundacioiris.org\/es\/wp-json\/wp\/v2\/tags?post=5440"}],"curies":[{"name":"wp","href":"https:\/\/api.w.org\/{rel}","templated":true}]}}