{"id":5433,"date":"2025-09-16T12:52:55","date_gmt":"2025-09-16T10:52:55","guid":{"rendered":"https:\/\/www.fundacioiris.org\/?p=5433"},"modified":"2025-09-26T12:54:08","modified_gmt":"2025-09-26T10:54:08","slug":"visita-al-parque-de-bomberos-de-sant-vicenc-dels-horts","status":"publish","type":"post","link":"https:\/\/www.fundacioiris.org\/es\/visita-al-parque-de-bomberos-de-sant-vicenc-dels-horts\/","title":{"rendered":"Visita al parque de Bomberos de Sant Vicen\u00e7 dels Horts"},"content":{"rendered":"<p data-start=\"129\" data-end=\"311\">Las personas del Taller Ocupacional han vuelto a visitar el parque de Bomberos de Sant Vicen\u00e7 dels Horts, una actividad que ya se ha convertido en una tradici\u00f3n anual muy esperada.<\/p>\n<p data-start=\"313\" data-end=\"602\">Con mucha amabilidad, el equipo de Bomberos nos abri\u00f3 las puertas de sus instalaciones y nos mostr\u00f3 de cerca su d\u00eda a d\u00eda y los veh\u00edculos con los que trabajan. Cada a\u00f1o esta visita nos permite conocer mejor su labor, resolver dudas y disfrutar de una experiencia cercana y enriquecedora.<\/p>\n<p data-start=\"604\" data-end=\"882\">Desde la Fundaci\u00f3 Iris agradecemos al cuerpo de Bomberos de Sant Vicen\u00e7 la disponibilidad y la acogida que siempre nos brindan. Esta colaboraci\u00f3n es un ejemplo de c\u00f3mo las entidades y los servicios del municipio pueden generar v\u00ednculos positivos e inclusivos con la comunidad.<\/p>\n<p data-start=\"604\" data-end=\"882\"><img loading=\"lazy\" decoding=\"async\" class=\"alignnone size-full wp-image-5431\" src=\"http:\/\/www.fundacioiris.org\/wp-content\/uploads\/2025\/09\/Captura-de-pantalla-2025-09-26-124659.png\" alt=\"\" width=\"838\" height=\"635\" srcset=\"https:\/\/www.fundacioiris.org\/wp-content\/uploads\/2025\/09\/Captura-de-pantalla-2025-09-26-124659.png 838w, https:\/\/www.fundacioiris.org\/wp-content\/uploads\/2025\/09\/Captura-de-pantalla-2025-09-26-124659-300x227.png 300w, https:\/\/www.fundacioiris.org\/wp-content\/uploads\/2025\/09\/Captura-de-pantalla-2025-09-26-124659-768x582.png 768w\" sizes=\"(max-width: 838px) 100vw, 838px\" \/><\/p>\n","protected":false},"excerpt":{"rendered":"<p>Las personas del Taller Ocupacional han vuelto a visitar el parque de Bomberos de Sant Vicen\u00e7 dels Horts, una actividad que ya se ha convertido en una tradici\u00f3n anual muy esperada. Con mucha amabilidad, el equipo de Bomberos nos abri\u00f3 las puertas de sus instalaciones y nos mostr\u00f3 de cerca su d\u00eda a d\u00eda y<\/p>\n","protected":false},"author":3,"featured_media":5431,"comment_status":"closed","ping_status":"closed","sticky":false,"template":"","format":"standard","meta":{"_acf_changed":false,"footnotes":""},"categories":[26],"tags":[],"acf":[],"yoast_head":"<!-- This site is optimized with the Yoast SEO plugin v24.5 - https:\/\/yoast.com\/wordpress\/plugins\/seo\/ -->\n<title>Visita al parque de Bomberos de Sant Vicen\u00e7 dels Horts | Fundaci\u00f3 Iris<\/title>\n<meta name=\"description\" content=\"Las personas del Taller Ocupacional han vuelto a visitar el parque de Bomberos de Sant Vicen\u00e7 dels Horts, una actividad que ya se ha convertido en una\" \/>\n<meta name=\"robots\" content=\"index, follow, max-snippet:-1, max-image-preview:large, max-video-preview:-1\" \/>\n<link rel=\"canonical\" href=\"https:\/\/www.fundacioiris.org\/es\/visita-al-parque-de-bomberos-de-sant-vicenc-dels-horts\/\" \/>\n<meta property=\"og:locale\" content=\"es_ES\" \/>\n<meta property=\"og:type\" content=\"article\" \/>\n<meta property=\"og:title\" content=\"Visita al parque de Bomberos de Sant Vicen\u00e7 dels Horts | Fundaci\u00f3 Iris\" \/>\n<meta property=\"og:description\" content=\"Las personas del Taller Ocupacional han vuelto a visitar el parque de Bomberos de Sant Vicen\u00e7 dels Horts, una actividad que ya se ha convertido en una\" \/>\n<meta property=\"og:url\" content=\"https:\/\/www.fundacioiris.org\/es\/visita-al-parque-de-bomberos-de-sant-vicenc-dels-horts\/\" \/>\n<meta property=\"og:site_name\" content=\"Fundaci\u00f3 Iris\" \/>\n<meta property=\"article:author\" content=\"https:\/\/www.facebook.com\/fundacioiris\" \/>\n<meta property=\"article:published_time\" content=\"2025-09-16T10:52:55+00:00\" \/>\n<meta property=\"article:modified_time\" content=\"2025-09-26T10:54:08+00:00\" \/>\n<meta property=\"og:image\" content=\"http:\/\/www.fundacioiris.org\/wp-content\/uploads\/2025\/09\/Captura-de-pantalla-2025-09-26-124659.png\" \/>\n\t<meta property=\"og:image:width\" content=\"838\" \/>\n\t<meta property=\"og:image:height\" content=\"635\" \/>\n\t<meta property=\"og:image:type\" content=\"image\/png\" \/>\n<meta name=\"author\" content=\"fundacioiris\" \/>\n<meta name=\"twitter:card\" content=\"summary_large_image\" \/>\n<meta name=\"twitter:label1\" content=\"Escrito por\" \/>\n\t<meta name=\"twitter:data1\" content=\"fundacioiris\" \/>\n\t<meta name=\"twitter:label2\" content=\"Tiempo de lectura\" \/>\n\t<meta name=\"twitter:data2\" content=\"1 minuto\" \/>\n<script type=\"application\/ld+json\" class=\"yoast-schema-graph\">{\"@context\":\"https:\/\/schema.org\",\"@graph\":[{\"@type\":\"WebPage\",\"@id\":\"https:\/\/www.fundacioiris.org\/es\/visita-al-parque-de-bomberos-de-sant-vicenc-dels-horts\/\",\"url\":\"https:\/\/www.fundacioiris.org\/es\/visita-al-parque-de-bomberos-de-sant-vicenc-dels-horts\/\",\"name\":\"Visita al parque de Bomberos de Sant Vicen\u00e7 dels Horts | Fundaci\u00f3 Iris\",\"isPartOf\":{\"@id\":\"https:\/\/www.fundacioiris.org\/es\/#website\"},\"primaryImageOfPage\":{\"@id\":\"https:\/\/www.fundacioiris.org\/es\/visita-al-parque-de-bomberos-de-sant-vicenc-dels-horts\/#primaryimage\"},\"image\":{\"@id\":\"https:\/\/www.fundacioiris.org\/es\/visita-al-parque-de-bomberos-de-sant-vicenc-dels-horts\/#primaryimage\"},\"thumbnailUrl\":\"https:\/\/www.fundacioiris.org\/wp-content\/uploads\/2025\/09\/Captura-de-pantalla-2025-09-26-124659.png\",\"datePublished\":\"2025-09-16T10:52:55+00:00\",\"dateModified\":\"2025-09-26T10:54:08+00:00\",\"author\":{\"@id\":\"https:\/\/www.fundacioiris.org\/es\/#\/schema\/person\/3424a3bd8939b591fd8b648e56175712\"},\"description\":\"Las personas del Taller Ocupacional han vuelto a visitar el parque de Bomberos de Sant Vicen\u00e7 dels Horts, una actividad que ya se ha convertido en una\",\"breadcrumb\":{\"@id\":\"https:\/\/www.fundacioiris.org\/es\/visita-al-parque-de-bomberos-de-sant-vicenc-dels-horts\/#breadcrumb\"},\"inLanguage\":\"es\",\"potentialAction\":[{\"@type\":\"ReadAction\",\"target\":[\"https:\/\/www.fundacioiris.org\/es\/visita-al-parque-de-bomberos-de-sant-vicenc-dels-horts\/\"]}]},{\"@type\":\"ImageObject\",\"inLanguage\":\"es\",\"@id\":\"https:\/\/www.fundacioiris.org\/es\/visita-al-parque-de-bomberos-de-sant-vicenc-dels-horts\/#primaryimage\",\"url\":\"https:\/\/www.fundacioiris.org\/wp-content\/uploads\/2025\/09\/Captura-de-pantalla-2025-09-26-124659.png\",\"contentUrl\":\"https:\/\/www.fundacioiris.org\/wp-content\/uploads\/2025\/09\/Captura-de-pantalla-2025-09-26-124659.png\",\"width\":838,\"height\":635},{\"@type\":\"BreadcrumbList\",\"@id\":\"https:\/\/www.fundacioiris.org\/es\/visita-al-parque-de-bomberos-de-sant-vicenc-dels-horts\/#breadcrumb\",\"itemListElement\":[{\"@type\":\"ListItem\",\"position\":1,\"name\":\"Inici\",\"item\":\"https:\/\/www.fundacioiris.org\/es\/\"},{\"@type\":\"ListItem\",\"position\":2,\"name\":\"Visita al parque de Bomberos de Sant Vicen\u00e7 dels Horts\"}]},{\"@type\":\"WebSite\",\"@id\":\"https:\/\/www.fundacioiris.org\/es\/#website\",\"url\":\"https:\/\/www.fundacioiris.org\/es\/\",\"name\":\"Fundaci\u00f3 Iris\",\"description\":\"Desde 1973 al lado de las personas con discapacidad intelectual\",\"potentialAction\":[{\"@type\":\"SearchAction\",\"target\":{\"@type\":\"EntryPoint\",\"urlTemplate\":\"https:\/\/www.fundacioiris.org\/es\/?s={search_term_string}\"},\"query-input\":{\"@type\":\"PropertyValueSpecification\",\"valueRequired\":true,\"valueName\":\"search_term_string\"}}],\"inLanguage\":\"es\"},{\"@type\":\"Person\",\"@id\":\"https:\/\/www.fundacioiris.org\/es\/#\/schema\/person\/3424a3bd8939b591fd8b648e56175712\",\"name\":\"fundacioiris\",\"image\":{\"@type\":\"ImageObject\",\"inLanguage\":\"es\",\"@id\":\"https:\/\/www.fundacioiris.org\/es\/#\/schema\/person\/image\/\",\"url\":\"https:\/\/secure.gravatar.com\/avatar\/389e9312672899cc87be3bfec5844e8c?s=96&d=mm&r=g\",\"contentUrl\":\"https:\/\/secure.gravatar.com\/avatar\/389e9312672899cc87be3bfec5844e8c?s=96&d=mm&r=g\",\"caption\":\"fundacioiris\"},\"sameAs\":[\"https:\/\/www.facebook.com\/fundacioiris\",\"https:\/\/www.instagram.com\/fundacio_iris\/\",\"https:\/\/www.linkedin.com\/company\/fundaci-privada-iris\/?originalSubdomain=es\"]}]}<\/script>\n<!-- \/ Yoast SEO plugin. -->","yoast_head_json":{"title":"Visita al parque de Bomberos de Sant Vicen\u00e7 dels Horts | Fundaci\u00f3 Iris","description":"Las personas del Taller Ocupacional han vuelto a visitar el parque de Bomberos de Sant Vicen\u00e7 dels Horts, una actividad que ya se ha convertido en una","robots":{"index":"index","follow":"follow","max-snippet":"max-snippet:-1","max-image-preview":"max-image-preview:large","max-video-preview":"max-video-preview:-1"},"canonical":"https:\/\/www.fundacioiris.org\/es\/visita-al-parque-de-bomberos-de-sant-vicenc-dels-horts\/","og_locale":"es_ES","og_type":"article","og_title":"Visita al parque de Bomberos de Sant Vicen\u00e7 dels Horts | Fundaci\u00f3 Iris","og_description":"Las personas del Taller Ocupacional han vuelto a visitar el parque de Bomberos de Sant Vicen\u00e7 dels Horts, una actividad que ya se ha convertido en una","og_url":"https:\/\/www.fundacioiris.org\/es\/visita-al-parque-de-bomberos-de-sant-vicenc-dels-horts\/","og_site_name":"Fundaci\u00f3 Iris","article_author":"https:\/\/www.facebook.com\/fundacioiris","article_published_time":"2025-09-16T10:52:55+00:00","article_modified_time":"2025-09-26T10:54:08+00:00","og_image":[{"width":838,"height":635,"url":"http:\/\/www.fundacioiris.org\/wp-content\/uploads\/2025\/09\/Captura-de-pantalla-2025-09-26-124659.png","type":"image\/png"}],"author":"fundacioiris","twitter_card":"summary_large_image","twitter_misc":{"Escrito por":"fundacioiris","Tiempo de lectura":"1 minuto"},"schema":{"@context":"https:\/\/schema.org","@graph":[{"@type":"WebPage","@id":"https:\/\/www.fundacioiris.org\/es\/visita-al-parque-de-bomberos-de-sant-vicenc-dels-horts\/","url":"https:\/\/www.fundacioiris.org\/es\/visita-al-parque-de-bomberos-de-sant-vicenc-dels-horts\/","name":"Visita al parque de Bomberos de Sant Vicen\u00e7 dels Horts | Fundaci\u00f3 Iris","isPartOf":{"@id":"https:\/\/www.fundacioiris.org\/es\/#website"},"primaryImageOfPage":{"@id":"https:\/\/www.fundacioiris.org\/es\/visita-al-parque-de-bomberos-de-sant-vicenc-dels-horts\/#primaryimage"},"image":{"@id":"https:\/\/www.fundacioiris.org\/es\/visita-al-parque-de-bomberos-de-sant-vicenc-dels-horts\/#primaryimage"},"thumbnailUrl":"https:\/\/www.fundacioiris.org\/wp-content\/uploads\/2025\/09\/Captura-de-pantalla-2025-09-26-124659.png","datePublished":"2025-09-16T10:52:55+00:00","dateModified":"2025-09-26T10:54:08+00:00","author":{"@id":"https:\/\/www.fundacioiris.org\/es\/#\/schema\/person\/3424a3bd8939b591fd8b648e56175712"},"description":"Las personas del Taller Ocupacional han vuelto a visitar el parque de Bomberos de Sant Vicen\u00e7 dels Horts, una actividad que ya se ha convertido en una","breadcrumb":{"@id":"https:\/\/www.fundacioiris.org\/es\/visita-al-parque-de-bomberos-de-sant-vicenc-dels-horts\/#breadcrumb"},"inLanguage":"es","potentialAction":[{"@type":"ReadAction","target":["https:\/\/www.fundacioiris.org\/es\/visita-al-parque-de-bomberos-de-sant-vicenc-dels-horts\/"]}]},{"@type":"ImageObject","inLanguage":"es","@id":"https:\/\/www.fundacioiris.org\/es\/visita-al-parque-de-bomberos-de-sant-vicenc-dels-horts\/#primaryimage","url":"https:\/\/www.fundacioiris.org\/wp-content\/uploads\/2025\/09\/Captura-de-pantalla-2025-09-26-124659.png","contentUrl":"https:\/\/www.fundacioiris.org\/wp-content\/uploads\/2025\/09\/Captura-de-pantalla-2025-09-26-124659.png","width":838,"height":635},{"@type":"BreadcrumbList","@id":"https:\/\/www.fundacioiris.org\/es\/visita-al-parque-de-bomberos-de-sant-vicenc-dels-horts\/#breadcrumb","itemListElement":[{"@type":"ListItem","position":1,"name":"Inici","item":"https:\/\/www.fundacioiris.org\/es\/"},{"@type":"ListItem","position":2,"name":"Visita al parque de Bomberos de Sant Vicen\u00e7 dels Horts"}]},{"@type":"WebSite","@id":"https:\/\/www.fundacioiris.org\/es\/#website","url":"https:\/\/www.fundacioiris.org\/es\/","name":"Fundaci\u00f3 Iris","description":"Desde 1973 al lado de las personas con discapacidad intelectual","potentialAction":[{"@type":"SearchAction","target":{"@type":"EntryPoint","urlTemplate":"https:\/\/www.fundacioiris.org\/es\/?s={search_term_string}"},"query-input":{"@type":"PropertyValueSpecification","valueRequired":true,"valueName":"search_term_string"}}],"inLanguage":"es"},{"@type":"Person","@id":"https:\/\/www.fundacioiris.org\/es\/#\/schema\/person\/3424a3bd8939b591fd8b648e56175712","name":"fundacioiris","image":{"@type":"ImageObject","inLanguage":"es","@id":"https:\/\/www.fundacioiris.org\/es\/#\/schema\/person\/image\/","url":"https:\/\/secure.gravatar.com\/avatar\/389e9312672899cc87be3bfec5844e8c?s=96&d=mm&r=g","contentUrl":"https:\/\/secure.gravatar.com\/avatar\/389e9312672899cc87be3bfec5844e8c?s=96&d=mm&r=g","caption":"fundacioiris"},"sameAs":["https:\/\/www.facebook.com\/fundacioiris","https:\/\/www.instagram.com\/fundacio_iris\/","https:\/\/www.linkedin.com\/company\/fundaci-privada-iris\/?originalSubdomain=es"]}]}},"_links":{"self":[{"href":"https:\/\/www.fundacioiris.org\/es\/wp-json\/wp\/v2\/posts\/5433"}],"collection":[{"href":"https:\/\/www.fundacioiris.org\/es\/wp-json\/wp\/v2\/posts"}],"about":[{"href":"https:\/\/www.fundacioiris.org\/es\/wp-json\/wp\/v2\/types\/post"}],"author":[{"embeddable":true,"href":"https:\/\/www.fundacioiris.org\/es\/wp-json\/wp\/v2\/users\/3"}],"replies":[{"embeddable":true,"href":"https:\/\/www.fundacioiris.org\/es\/wp-json\/wp\/v2\/comments?post=5433"}],"version-history":[{"count":1,"href":"https:\/\/www.fundacioiris.org\/es\/wp-json\/wp\/v2\/posts\/5433\/revisions"}],"predecessor-version":[{"id":5434,"href":"https:\/\/www.fundacioiris.org\/es\/wp-json\/wp\/v2\/posts\/5433\/revisions\/5434"}],"wp:featuredmedia":[{"embeddable":true,"href":"https:\/\/www.fundacioiris.org\/es\/wp-json\/wp\/v2\/media\/5431"}],"wp:attachment":[{"href":"https:\/\/www.fundacioiris.org\/es\/wp-json\/wp\/v2\/media?parent=5433"}],"wp:term":[{"taxonomy":"category","embeddable":true,"href":"https:\/\/www.fundacioiris.org\/es\/wp-json\/wp\/v2\/categories?post=5433"},{"taxonomy":"post_tag","embeddable":true,"href":"https:\/\/www.fundacioiris.org\/es\/wp-json\/wp\/v2\/tags?post=5433"}],"curies":[{"name":"wp","href":"https:\/\/api.w.org\/{rel}","templated":true}]}}