{"id":5426,"date":"2025-09-25T14:19:19","date_gmt":"2025-09-25T12:19:19","guid":{"rendered":"https:\/\/www.fundacioiris.org\/?p=5426"},"modified":"2025-09-25T14:19:19","modified_gmt":"2025-09-25T12:19:19","slug":"antes-y-despues-una-rotonda-que-recupera-su-encanto","status":"publish","type":"post","link":"https:\/\/www.fundacioiris.org\/es\/antes-y-despues-una-rotonda-que-recupera-su-encanto\/","title":{"rendered":"Antes y despu\u00e9s: una rotonda que recupera su encanto"},"content":{"rendered":"<p data-start=\"155\" data-end=\"381\">La transformaci\u00f3n es evidente: una rotonda que hasta hace poco parec\u00eda una peque\u00f1a selva urbana ha sido recuperada y convertida en un espacio verde cuidado y ordenado gracias al trabajo de nuestro servicio de jardiner\u00eda.<\/p>\n<p data-start=\"383\" data-end=\"732\">Esta actuaci\u00f3n no solo mejora el aspecto y la seguridad del entorno, sino que tambi\u00e9n refleja la profesionalidad y el compromiso de las personas que trabajan en ella. En Fundaci\u00f3 Iris, cada proyecto de jardiner\u00eda representa una doble oportunidad: cuidar del medio ambiente y generar empleo inclusivo para personas con discapacidad intelectual.<\/p>\n<p data-start=\"383\" data-end=\"732\"><img loading=\"lazy\" decoding=\"async\" class=\"alignnone size-full wp-image-5420\" src=\"http:\/\/www.fundacioiris.org\/wp-content\/uploads\/2025\/09\/27.png\" alt=\"\" width=\"816\" height=\"716\" srcset=\"https:\/\/www.fundacioiris.org\/wp-content\/uploads\/2025\/09\/27.png 816w, https:\/\/www.fundacioiris.org\/wp-content\/uploads\/2025\/09\/27-300x263.png 300w, https:\/\/www.fundacioiris.org\/wp-content\/uploads\/2025\/09\/27-768x674.png 768w\" sizes=\"(max-width: 816px) 100vw, 816px\" \/><img loading=\"lazy\" decoding=\"async\" class=\"alignnone size-full wp-image-5422\" src=\"http:\/\/www.fundacioiris.org\/wp-content\/uploads\/2025\/09\/28.png\" alt=\"\" width=\"779\" height=\"658\" srcset=\"https:\/\/www.fundacioiris.org\/wp-content\/uploads\/2025\/09\/28.png 779w, https:\/\/www.fundacioiris.org\/wp-content\/uploads\/2025\/09\/28-300x253.png 300w, https:\/\/www.fundacioiris.org\/wp-content\/uploads\/2025\/09\/28-768x649.png 768w\" sizes=\"(max-width: 779px) 100vw, 779px\" \/><\/p>\n","protected":false},"excerpt":{"rendered":"<p>La transformaci\u00f3n es evidente: una rotonda que hasta hace poco parec\u00eda una peque\u00f1a selva urbana ha sido recuperada y convertida en un espacio verde cuidado y ordenado gracias al trabajo de nuestro servicio de jardiner\u00eda. Esta actuaci\u00f3n no solo mejora el aspecto y la seguridad del entorno, sino que tambi\u00e9n refleja la profesionalidad y el<\/p>\n","protected":false},"author":3,"featured_media":5420,"comment_status":"closed","ping_status":"closed","sticky":false,"template":"","format":"standard","meta":{"_acf_changed":false,"footnotes":""},"categories":[26],"tags":[],"acf":[],"yoast_head":"<!-- This site is optimized with the Yoast SEO plugin v24.5 - https:\/\/yoast.com\/wordpress\/plugins\/seo\/ -->\n<title>Antes y despu\u00e9s: una rotonda que recupera su encanto | Fundaci\u00f3 Iris<\/title>\n<meta name=\"description\" content=\"La transformaci\u00f3n es evidente: una rotonda que hasta hace poco parec\u00eda una peque\u00f1a selva urbana ha sido recuperada y convertida en un espacio verde\" \/>\n<meta name=\"robots\" content=\"index, follow, max-snippet:-1, max-image-preview:large, max-video-preview:-1\" \/>\n<link rel=\"canonical\" href=\"https:\/\/www.fundacioiris.org\/es\/antes-y-despues-una-rotonda-que-recupera-su-encanto\/\" \/>\n<meta property=\"og:locale\" content=\"es_ES\" \/>\n<meta property=\"og:type\" content=\"article\" \/>\n<meta property=\"og:title\" content=\"Antes y despu\u00e9s: una rotonda que recupera su encanto | Fundaci\u00f3 Iris\" \/>\n<meta property=\"og:description\" content=\"La transformaci\u00f3n es evidente: una rotonda que hasta hace poco parec\u00eda una peque\u00f1a selva urbana ha sido recuperada y convertida en un espacio verde\" \/>\n<meta property=\"og:url\" content=\"https:\/\/www.fundacioiris.org\/es\/antes-y-despues-una-rotonda-que-recupera-su-encanto\/\" \/>\n<meta property=\"og:site_name\" content=\"Fundaci\u00f3 Iris\" \/>\n<meta property=\"article:author\" content=\"https:\/\/www.facebook.com\/fundacioiris\" \/>\n<meta property=\"article:published_time\" content=\"2025-09-25T12:19:19+00:00\" \/>\n<meta property=\"og:image\" content=\"http:\/\/www.fundacioiris.org\/wp-content\/uploads\/2025\/09\/27.png\" \/>\n\t<meta property=\"og:image:width\" content=\"816\" \/>\n\t<meta property=\"og:image:height\" content=\"716\" \/>\n\t<meta property=\"og:image:type\" content=\"image\/png\" \/>\n<meta name=\"author\" content=\"fundacioiris\" \/>\n<meta name=\"twitter:card\" content=\"summary_large_image\" \/>\n<meta name=\"twitter:label1\" content=\"Escrito por\" \/>\n\t<meta name=\"twitter:data1\" content=\"fundacioiris\" \/>\n\t<meta name=\"twitter:label2\" content=\"Tiempo de lectura\" \/>\n\t<meta name=\"twitter:data2\" content=\"2 minutos\" \/>\n<script type=\"application\/ld+json\" class=\"yoast-schema-graph\">{\"@context\":\"https:\/\/schema.org\",\"@graph\":[{\"@type\":\"WebPage\",\"@id\":\"https:\/\/www.fundacioiris.org\/es\/antes-y-despues-una-rotonda-que-recupera-su-encanto\/\",\"url\":\"https:\/\/www.fundacioiris.org\/es\/antes-y-despues-una-rotonda-que-recupera-su-encanto\/\",\"name\":\"Antes y despu\u00e9s: una rotonda que recupera su encanto | Fundaci\u00f3 Iris\",\"isPartOf\":{\"@id\":\"https:\/\/www.fundacioiris.org\/es\/#website\"},\"primaryImageOfPage\":{\"@id\":\"https:\/\/www.fundacioiris.org\/es\/antes-y-despues-una-rotonda-que-recupera-su-encanto\/#primaryimage\"},\"image\":{\"@id\":\"https:\/\/www.fundacioiris.org\/es\/antes-y-despues-una-rotonda-que-recupera-su-encanto\/#primaryimage\"},\"thumbnailUrl\":\"https:\/\/www.fundacioiris.org\/wp-content\/uploads\/2025\/09\/27.png\",\"datePublished\":\"2025-09-25T12:19:19+00:00\",\"author\":{\"@id\":\"https:\/\/www.fundacioiris.org\/es\/#\/schema\/person\/3424a3bd8939b591fd8b648e56175712\"},\"description\":\"La transformaci\u00f3n es evidente: una rotonda que hasta hace poco parec\u00eda una peque\u00f1a selva urbana ha sido recuperada y convertida en un espacio verde\",\"breadcrumb\":{\"@id\":\"https:\/\/www.fundacioiris.org\/es\/antes-y-despues-una-rotonda-que-recupera-su-encanto\/#breadcrumb\"},\"inLanguage\":\"es\",\"potentialAction\":[{\"@type\":\"ReadAction\",\"target\":[\"https:\/\/www.fundacioiris.org\/es\/antes-y-despues-una-rotonda-que-recupera-su-encanto\/\"]}]},{\"@type\":\"ImageObject\",\"inLanguage\":\"es\",\"@id\":\"https:\/\/www.fundacioiris.org\/es\/antes-y-despues-una-rotonda-que-recupera-su-encanto\/#primaryimage\",\"url\":\"https:\/\/www.fundacioiris.org\/wp-content\/uploads\/2025\/09\/27.png\",\"contentUrl\":\"https:\/\/www.fundacioiris.org\/wp-content\/uploads\/2025\/09\/27.png\",\"width\":816,\"height\":716},{\"@type\":\"BreadcrumbList\",\"@id\":\"https:\/\/www.fundacioiris.org\/es\/antes-y-despues-una-rotonda-que-recupera-su-encanto\/#breadcrumb\",\"itemListElement\":[{\"@type\":\"ListItem\",\"position\":1,\"name\":\"Inici\",\"item\":\"https:\/\/www.fundacioiris.org\/es\/\"},{\"@type\":\"ListItem\",\"position\":2,\"name\":\"Antes y despu\u00e9s: una rotonda que recupera su encanto\"}]},{\"@type\":\"WebSite\",\"@id\":\"https:\/\/www.fundacioiris.org\/es\/#website\",\"url\":\"https:\/\/www.fundacioiris.org\/es\/\",\"name\":\"Fundaci\u00f3 Iris\",\"description\":\"Desde 1973 al lado de las personas con discapacidad intelectual\",\"potentialAction\":[{\"@type\":\"SearchAction\",\"target\":{\"@type\":\"EntryPoint\",\"urlTemplate\":\"https:\/\/www.fundacioiris.org\/es\/?s={search_term_string}\"},\"query-input\":{\"@type\":\"PropertyValueSpecification\",\"valueRequired\":true,\"valueName\":\"search_term_string\"}}],\"inLanguage\":\"es\"},{\"@type\":\"Person\",\"@id\":\"https:\/\/www.fundacioiris.org\/es\/#\/schema\/person\/3424a3bd8939b591fd8b648e56175712\",\"name\":\"fundacioiris\",\"image\":{\"@type\":\"ImageObject\",\"inLanguage\":\"es\",\"@id\":\"https:\/\/www.fundacioiris.org\/es\/#\/schema\/person\/image\/\",\"url\":\"https:\/\/secure.gravatar.com\/avatar\/389e9312672899cc87be3bfec5844e8c?s=96&d=mm&r=g\",\"contentUrl\":\"https:\/\/secure.gravatar.com\/avatar\/389e9312672899cc87be3bfec5844e8c?s=96&d=mm&r=g\",\"caption\":\"fundacioiris\"},\"sameAs\":[\"https:\/\/www.facebook.com\/fundacioiris\",\"https:\/\/www.instagram.com\/fundacio_iris\/\",\"https:\/\/www.linkedin.com\/company\/fundaci-privada-iris\/?originalSubdomain=es\"]}]}<\/script>\n<!-- \/ Yoast SEO plugin. -->","yoast_head_json":{"title":"Antes y despu\u00e9s: una rotonda que recupera su encanto | Fundaci\u00f3 Iris","description":"La transformaci\u00f3n es evidente: una rotonda que hasta hace poco parec\u00eda una peque\u00f1a selva urbana ha sido recuperada y convertida en un espacio verde","robots":{"index":"index","follow":"follow","max-snippet":"max-snippet:-1","max-image-preview":"max-image-preview:large","max-video-preview":"max-video-preview:-1"},"canonical":"https:\/\/www.fundacioiris.org\/es\/antes-y-despues-una-rotonda-que-recupera-su-encanto\/","og_locale":"es_ES","og_type":"article","og_title":"Antes y despu\u00e9s: una rotonda que recupera su encanto | Fundaci\u00f3 Iris","og_description":"La transformaci\u00f3n es evidente: una rotonda que hasta hace poco parec\u00eda una peque\u00f1a selva urbana ha sido recuperada y convertida en un espacio verde","og_url":"https:\/\/www.fundacioiris.org\/es\/antes-y-despues-una-rotonda-que-recupera-su-encanto\/","og_site_name":"Fundaci\u00f3 Iris","article_author":"https:\/\/www.facebook.com\/fundacioiris","article_published_time":"2025-09-25T12:19:19+00:00","og_image":[{"width":816,"height":716,"url":"http:\/\/www.fundacioiris.org\/wp-content\/uploads\/2025\/09\/27.png","type":"image\/png"}],"author":"fundacioiris","twitter_card":"summary_large_image","twitter_misc":{"Escrito por":"fundacioiris","Tiempo de lectura":"2 minutos"},"schema":{"@context":"https:\/\/schema.org","@graph":[{"@type":"WebPage","@id":"https:\/\/www.fundacioiris.org\/es\/antes-y-despues-una-rotonda-que-recupera-su-encanto\/","url":"https:\/\/www.fundacioiris.org\/es\/antes-y-despues-una-rotonda-que-recupera-su-encanto\/","name":"Antes y despu\u00e9s: una rotonda que recupera su encanto | Fundaci\u00f3 Iris","isPartOf":{"@id":"https:\/\/www.fundacioiris.org\/es\/#website"},"primaryImageOfPage":{"@id":"https:\/\/www.fundacioiris.org\/es\/antes-y-despues-una-rotonda-que-recupera-su-encanto\/#primaryimage"},"image":{"@id":"https:\/\/www.fundacioiris.org\/es\/antes-y-despues-una-rotonda-que-recupera-su-encanto\/#primaryimage"},"thumbnailUrl":"https:\/\/www.fundacioiris.org\/wp-content\/uploads\/2025\/09\/27.png","datePublished":"2025-09-25T12:19:19+00:00","author":{"@id":"https:\/\/www.fundacioiris.org\/es\/#\/schema\/person\/3424a3bd8939b591fd8b648e56175712"},"description":"La transformaci\u00f3n es evidente: una rotonda que hasta hace poco parec\u00eda una peque\u00f1a selva urbana ha sido recuperada y convertida en un espacio verde","breadcrumb":{"@id":"https:\/\/www.fundacioiris.org\/es\/antes-y-despues-una-rotonda-que-recupera-su-encanto\/#breadcrumb"},"inLanguage":"es","potentialAction":[{"@type":"ReadAction","target":["https:\/\/www.fundacioiris.org\/es\/antes-y-despues-una-rotonda-que-recupera-su-encanto\/"]}]},{"@type":"ImageObject","inLanguage":"es","@id":"https:\/\/www.fundacioiris.org\/es\/antes-y-despues-una-rotonda-que-recupera-su-encanto\/#primaryimage","url":"https:\/\/www.fundacioiris.org\/wp-content\/uploads\/2025\/09\/27.png","contentUrl":"https:\/\/www.fundacioiris.org\/wp-content\/uploads\/2025\/09\/27.png","width":816,"height":716},{"@type":"BreadcrumbList","@id":"https:\/\/www.fundacioiris.org\/es\/antes-y-despues-una-rotonda-que-recupera-su-encanto\/#breadcrumb","itemListElement":[{"@type":"ListItem","position":1,"name":"Inici","item":"https:\/\/www.fundacioiris.org\/es\/"},{"@type":"ListItem","position":2,"name":"Antes y despu\u00e9s: una rotonda que recupera su encanto"}]},{"@type":"WebSite","@id":"https:\/\/www.fundacioiris.org\/es\/#website","url":"https:\/\/www.fundacioiris.org\/es\/","name":"Fundaci\u00f3 Iris","description":"Desde 1973 al lado de las personas con discapacidad intelectual","potentialAction":[{"@type":"SearchAction","target":{"@type":"EntryPoint","urlTemplate":"https:\/\/www.fundacioiris.org\/es\/?s={search_term_string}"},"query-input":{"@type":"PropertyValueSpecification","valueRequired":true,"valueName":"search_term_string"}}],"inLanguage":"es"},{"@type":"Person","@id":"https:\/\/www.fundacioiris.org\/es\/#\/schema\/person\/3424a3bd8939b591fd8b648e56175712","name":"fundacioiris","image":{"@type":"ImageObject","inLanguage":"es","@id":"https:\/\/www.fundacioiris.org\/es\/#\/schema\/person\/image\/","url":"https:\/\/secure.gravatar.com\/avatar\/389e9312672899cc87be3bfec5844e8c?s=96&d=mm&r=g","contentUrl":"https:\/\/secure.gravatar.com\/avatar\/389e9312672899cc87be3bfec5844e8c?s=96&d=mm&r=g","caption":"fundacioiris"},"sameAs":["https:\/\/www.facebook.com\/fundacioiris","https:\/\/www.instagram.com\/fundacio_iris\/","https:\/\/www.linkedin.com\/company\/fundaci-privada-iris\/?originalSubdomain=es"]}]}},"_links":{"self":[{"href":"https:\/\/www.fundacioiris.org\/es\/wp-json\/wp\/v2\/posts\/5426"}],"collection":[{"href":"https:\/\/www.fundacioiris.org\/es\/wp-json\/wp\/v2\/posts"}],"about":[{"href":"https:\/\/www.fundacioiris.org\/es\/wp-json\/wp\/v2\/types\/post"}],"author":[{"embeddable":true,"href":"https:\/\/www.fundacioiris.org\/es\/wp-json\/wp\/v2\/users\/3"}],"replies":[{"embeddable":true,"href":"https:\/\/www.fundacioiris.org\/es\/wp-json\/wp\/v2\/comments?post=5426"}],"version-history":[{"count":1,"href":"https:\/\/www.fundacioiris.org\/es\/wp-json\/wp\/v2\/posts\/5426\/revisions"}],"predecessor-version":[{"id":5427,"href":"https:\/\/www.fundacioiris.org\/es\/wp-json\/wp\/v2\/posts\/5426\/revisions\/5427"}],"wp:featuredmedia":[{"embeddable":true,"href":"https:\/\/www.fundacioiris.org\/es\/wp-json\/wp\/v2\/media\/5420"}],"wp:attachment":[{"href":"https:\/\/www.fundacioiris.org\/es\/wp-json\/wp\/v2\/media?parent=5426"}],"wp:term":[{"taxonomy":"category","embeddable":true,"href":"https:\/\/www.fundacioiris.org\/es\/wp-json\/wp\/v2\/categories?post=5426"},{"taxonomy":"post_tag","embeddable":true,"href":"https:\/\/www.fundacioiris.org\/es\/wp-json\/wp\/v2\/tags?post=5426"}],"curies":[{"name":"wp","href":"https:\/\/api.w.org\/{rel}","templated":true}]}}