{"id":5078,"date":"2025-07-04T14:26:52","date_gmt":"2025-07-04T12:26:52","guid":{"rendered":"https:\/\/www.fundacioiris.org\/?p=5078"},"modified":"2025-07-04T14:26:52","modified_gmt":"2025-07-04T12:26:52","slug":"%f0%9f%90%9e-asesoramiento-tecnico-en-el-proyecto-de-refugios-para-insectos-de-la-escola-betania","status":"publish","type":"post","link":"https:\/\/www.fundacioiris.org\/es\/%f0%9f%90%9e-asesoramiento-tecnico-en-el-proyecto-de-refugios-para-insectos-de-la-escola-betania\/","title":{"rendered":"\ud83d\udc1e Asesoramiento t\u00e9cnico en el proyecto de refugios para insectos de la Escola Bet\u00e0nia"},"content":{"rendered":"<p data-start=\"292\" data-end=\"575\">Durante este curso escolar, la Fundaci\u00f3 Iris ha colaborado con la Escola Bet\u00e0nia de Cornell\u00e0 de Llobregat en un proyecto para fomentar la biodiversidad, impulsado en el marco de la VII Trobada d\u2019Intercanvi d\u2019Experi\u00e8ncies XESCO (Red de Escuelas por la Sostenibilidad de Cornell\u00e0).<\/p>\n<p data-start=\"577\" data-end=\"836\">El proyecto consisti\u00f3 en la construcci\u00f3n de tres refugios para insectos, ubicados en el jard\u00edn, el huerto y el bosque del centro educativo. En \u00e9l particip\u00f3 el alumnado de I5, Ciclo Inicial y 3\u00ba de Primaria, junto con su profesorado y personas voluntarias.<\/p>\n<p data-start=\"838\" data-end=\"948\">Desde el Servicio de Jardiner\u00eda de la Fundaci\u00f3 Iris, ofrecimos asesoramiento t\u00e9cnico especializado en:<\/p>\n<ul>\n<li data-start=\"951\" data-end=\"1004\">Los materiales m\u00e1s adecuados para la construcci\u00f3n<\/li>\n<li data-start=\"1007\" data-end=\"1072\">Los tipos de insectos beneficiosos para el ecosistema escolar<\/li>\n<li data-start=\"1075\" data-end=\"1158\">La ubicaci\u00f3n estrat\u00e9gica de los refugios, seg\u00fan las caracter\u00edsticas del entorno<\/li>\n<\/ul>\n<p data-start=\"1160\" data-end=\"1331\">Esta iniciativa educativa promueve el respeto por la naturaleza, el aprendizaje cooperativo y el trabajo conjunto entre entidades sociales, centros educativos y comunidad.<\/p>\n<p data-start=\"1333\" data-end=\"1519\">\ud83d\udcac <em data-start=\"1336\" data-end=\"1519\">\u201cColaboraciones como esta nos permiten contribuir activamente a la sostenibilidad de nuestro entorno y ofrecer espacios donde compartir conocimiento desde el valor de la inclusi\u00f3n.\u201d<\/em><\/p>\n<p data-start=\"1521\" data-end=\"1630\">Agradecemos a la Escola Bet\u00e0nia la confianza y la oportunidad de formar parte de este proyecto transformador.<\/p>\n<p data-start=\"1521\" data-end=\"1630\"><img loading=\"lazy\" decoding=\"async\" class=\"alignnone size-large wp-image-5070\" src=\"http:\/\/www.fundacioiris.org\/wp-content\/uploads\/2025\/07\/13-819x1024.png\" alt=\"\" width=\"819\" height=\"1024\" srcset=\"https:\/\/www.fundacioiris.org\/wp-content\/uploads\/2025\/07\/13-819x1024.png 819w, https:\/\/www.fundacioiris.org\/wp-content\/uploads\/2025\/07\/13-240x300.png 240w, https:\/\/www.fundacioiris.org\/wp-content\/uploads\/2025\/07\/13-768x960.png 768w, https:\/\/www.fundacioiris.org\/wp-content\/uploads\/2025\/07\/13.png 1080w\" sizes=\"(max-width: 819px) 100vw, 819px\" \/><\/p>\n<p data-start=\"1521\" data-end=\"1630\"><img loading=\"lazy\" decoding=\"async\" class=\"alignnone size-large wp-image-5072\" src=\"http:\/\/www.fundacioiris.org\/wp-content\/uploads\/2025\/07\/14-819x1024.png\" alt=\"\" width=\"819\" height=\"1024\" srcset=\"https:\/\/www.fundacioiris.org\/wp-content\/uploads\/2025\/07\/14-819x1024.png 819w, https:\/\/www.fundacioiris.org\/wp-content\/uploads\/2025\/07\/14-240x300.png 240w, https:\/\/www.fundacioiris.org\/wp-content\/uploads\/2025\/07\/14-768x960.png 768w, https:\/\/www.fundacioiris.org\/wp-content\/uploads\/2025\/07\/14.png 1080w\" sizes=\"(max-width: 819px) 100vw, 819px\" \/><\/p>\n<p data-start=\"1521\" data-end=\"1630\"><img loading=\"lazy\" decoding=\"async\" class=\"alignnone size-large wp-image-5074\" src=\"http:\/\/www.fundacioiris.org\/wp-content\/uploads\/2025\/07\/15-819x1024.png\" alt=\"\" width=\"819\" height=\"1024\" srcset=\"https:\/\/www.fundacioiris.org\/wp-content\/uploads\/2025\/07\/15-819x1024.png 819w, https:\/\/www.fundacioiris.org\/wp-content\/uploads\/2025\/07\/15-240x300.png 240w, https:\/\/www.fundacioiris.org\/wp-content\/uploads\/2025\/07\/15-768x960.png 768w, https:\/\/www.fundacioiris.org\/wp-content\/uploads\/2025\/07\/15.png 1080w\" sizes=\"(max-width: 819px) 100vw, 819px\" \/><\/p>\n","protected":false},"excerpt":{"rendered":"<p>Durante este curso escolar, la Fundaci\u00f3 Iris ha colaborado con la Escola Bet\u00e0nia de Cornell\u00e0 de Llobregat en un proyecto para fomentar la biodiversidad, impulsado en el marco de la VII Trobada d\u2019Intercanvi d\u2019Experi\u00e8ncies XESCO (Red de Escuelas por la Sostenibilidad de Cornell\u00e0). El proyecto consisti\u00f3 en la construcci\u00f3n de tres refugios para insectos, ubicados<\/p>\n","protected":false},"author":3,"featured_media":5074,"comment_status":"closed","ping_status":"closed","sticky":false,"template":"","format":"standard","meta":{"_acf_changed":false,"footnotes":""},"categories":[26],"tags":[],"acf":[],"yoast_head":"<!-- This site is optimized with the Yoast SEO plugin v24.5 - https:\/\/yoast.com\/wordpress\/plugins\/seo\/ -->\n<title>\ud83d\udc1e Asesoramiento t\u00e9cnico en el proyecto de refugios para insectos de la Escola Bet\u00e0nia | Fundaci\u00f3 Iris<\/title>\n<meta name=\"description\" content=\"Durante este curso escolar, la Fundaci\u00f3 Iris ha colaborado con la Escola Bet\u00e0nia de Cornell\u00e0 de Llobregat en un proyecto para fomentar la biodiversidad,\" \/>\n<meta name=\"robots\" content=\"index, follow, max-snippet:-1, max-image-preview:large, max-video-preview:-1\" \/>\n<link rel=\"canonical\" href=\"https:\/\/www.fundacioiris.org\/es\/\ud83d\udc1e-asesoramiento-tecnico-en-el-proyecto-de-refugios-para-insectos-de-la-escola-betania\/\" \/>\n<meta property=\"og:locale\" content=\"es_ES\" \/>\n<meta property=\"og:type\" content=\"article\" \/>\n<meta property=\"og:title\" content=\"\ud83d\udc1e Asesoramiento t\u00e9cnico en el proyecto de refugios para insectos de la Escola Bet\u00e0nia | Fundaci\u00f3 Iris\" \/>\n<meta property=\"og:description\" content=\"Durante este curso escolar, la Fundaci\u00f3 Iris ha colaborado con la Escola Bet\u00e0nia de Cornell\u00e0 de Llobregat en un proyecto para fomentar la biodiversidad,\" \/>\n<meta property=\"og:url\" content=\"https:\/\/www.fundacioiris.org\/es\/\ud83d\udc1e-asesoramiento-tecnico-en-el-proyecto-de-refugios-para-insectos-de-la-escola-betania\/\" \/>\n<meta property=\"og:site_name\" content=\"Fundaci\u00f3 Iris\" \/>\n<meta property=\"article:author\" content=\"https:\/\/www.facebook.com\/fundacioiris\" \/>\n<meta property=\"article:published_time\" content=\"2025-07-04T12:26:52+00:00\" \/>\n<meta property=\"og:image\" content=\"http:\/\/www.fundacioiris.org\/wp-content\/uploads\/2025\/07\/15-819x1024.png\" \/>\n\t<meta property=\"og:image:width\" content=\"819\" \/>\n\t<meta property=\"og:image:height\" content=\"1024\" \/>\n\t<meta property=\"og:image:type\" content=\"image\/png\" \/>\n<meta name=\"author\" content=\"fundacioiris\" \/>\n<meta name=\"twitter:card\" content=\"summary_large_image\" \/>\n<meta name=\"twitter:label1\" content=\"Escrito por\" \/>\n\t<meta name=\"twitter:data1\" content=\"fundacioiris\" \/>\n\t<meta name=\"twitter:label2\" content=\"Tiempo de lectura\" \/>\n\t<meta name=\"twitter:data2\" content=\"2 minutos\" \/>\n<script type=\"application\/ld+json\" class=\"yoast-schema-graph\">{\"@context\":\"https:\/\/schema.org\",\"@graph\":[{\"@type\":\"WebPage\",\"@id\":\"https:\/\/www.fundacioiris.org\/es\/%f0%9f%90%9e-asesoramiento-tecnico-en-el-proyecto-de-refugios-para-insectos-de-la-escola-betania\/\",\"url\":\"https:\/\/www.fundacioiris.org\/es\/%f0%9f%90%9e-asesoramiento-tecnico-en-el-proyecto-de-refugios-para-insectos-de-la-escola-betania\/\",\"name\":\"\ud83d\udc1e Asesoramiento t\u00e9cnico en el proyecto de refugios para insectos de la Escola Bet\u00e0nia | Fundaci\u00f3 Iris\",\"isPartOf\":{\"@id\":\"https:\/\/www.fundacioiris.org\/es\/#website\"},\"primaryImageOfPage\":{\"@id\":\"https:\/\/www.fundacioiris.org\/es\/%f0%9f%90%9e-asesoramiento-tecnico-en-el-proyecto-de-refugios-para-insectos-de-la-escola-betania\/#primaryimage\"},\"image\":{\"@id\":\"https:\/\/www.fundacioiris.org\/es\/%f0%9f%90%9e-asesoramiento-tecnico-en-el-proyecto-de-refugios-para-insectos-de-la-escola-betania\/#primaryimage\"},\"thumbnailUrl\":\"https:\/\/www.fundacioiris.org\/wp-content\/uploads\/2025\/07\/15.png\",\"datePublished\":\"2025-07-04T12:26:52+00:00\",\"author\":{\"@id\":\"https:\/\/www.fundacioiris.org\/es\/#\/schema\/person\/3424a3bd8939b591fd8b648e56175712\"},\"description\":\"Durante este curso escolar, la Fundaci\u00f3 Iris ha colaborado con la Escola Bet\u00e0nia de Cornell\u00e0 de Llobregat en un proyecto para fomentar la biodiversidad,\",\"breadcrumb\":{\"@id\":\"https:\/\/www.fundacioiris.org\/es\/%f0%9f%90%9e-asesoramiento-tecnico-en-el-proyecto-de-refugios-para-insectos-de-la-escola-betania\/#breadcrumb\"},\"inLanguage\":\"es\",\"potentialAction\":[{\"@type\":\"ReadAction\",\"target\":[\"https:\/\/www.fundacioiris.org\/es\/%f0%9f%90%9e-asesoramiento-tecnico-en-el-proyecto-de-refugios-para-insectos-de-la-escola-betania\/\"]}]},{\"@type\":\"ImageObject\",\"inLanguage\":\"es\",\"@id\":\"https:\/\/www.fundacioiris.org\/es\/%f0%9f%90%9e-asesoramiento-tecnico-en-el-proyecto-de-refugios-para-insectos-de-la-escola-betania\/#primaryimage\",\"url\":\"https:\/\/www.fundacioiris.org\/wp-content\/uploads\/2025\/07\/15.png\",\"contentUrl\":\"https:\/\/www.fundacioiris.org\/wp-content\/uploads\/2025\/07\/15.png\",\"width\":1080,\"height\":1350},{\"@type\":\"BreadcrumbList\",\"@id\":\"https:\/\/www.fundacioiris.org\/es\/%f0%9f%90%9e-asesoramiento-tecnico-en-el-proyecto-de-refugios-para-insectos-de-la-escola-betania\/#breadcrumb\",\"itemListElement\":[{\"@type\":\"ListItem\",\"position\":1,\"name\":\"Inici\",\"item\":\"https:\/\/www.fundacioiris.org\/es\/\"},{\"@type\":\"ListItem\",\"position\":2,\"name\":\"\ud83d\udc1e Asesoramiento t\u00e9cnico en el proyecto de refugios para insectos de la Escola Bet\u00e0nia\"}]},{\"@type\":\"WebSite\",\"@id\":\"https:\/\/www.fundacioiris.org\/es\/#website\",\"url\":\"https:\/\/www.fundacioiris.org\/es\/\",\"name\":\"Fundaci\u00f3 Iris\",\"description\":\"Desde 1973 al lado de las personas con discapacidad intelectual\",\"potentialAction\":[{\"@type\":\"SearchAction\",\"target\":{\"@type\":\"EntryPoint\",\"urlTemplate\":\"https:\/\/www.fundacioiris.org\/es\/?s={search_term_string}\"},\"query-input\":{\"@type\":\"PropertyValueSpecification\",\"valueRequired\":true,\"valueName\":\"search_term_string\"}}],\"inLanguage\":\"es\"},{\"@type\":\"Person\",\"@id\":\"https:\/\/www.fundacioiris.org\/es\/#\/schema\/person\/3424a3bd8939b591fd8b648e56175712\",\"name\":\"fundacioiris\",\"image\":{\"@type\":\"ImageObject\",\"inLanguage\":\"es\",\"@id\":\"https:\/\/www.fundacioiris.org\/es\/#\/schema\/person\/image\/\",\"url\":\"https:\/\/secure.gravatar.com\/avatar\/389e9312672899cc87be3bfec5844e8c?s=96&d=mm&r=g\",\"contentUrl\":\"https:\/\/secure.gravatar.com\/avatar\/389e9312672899cc87be3bfec5844e8c?s=96&d=mm&r=g\",\"caption\":\"fundacioiris\"},\"sameAs\":[\"https:\/\/www.facebook.com\/fundacioiris\",\"https:\/\/www.instagram.com\/fundacio_iris\/\",\"https:\/\/www.linkedin.com\/company\/fundaci-privada-iris\/?originalSubdomain=es\"]}]}<\/script>\n<!-- \/ Yoast SEO plugin. -->","yoast_head_json":{"title":"\ud83d\udc1e Asesoramiento t\u00e9cnico en el proyecto de refugios para insectos de la Escola Bet\u00e0nia | Fundaci\u00f3 Iris","description":"Durante este curso escolar, la Fundaci\u00f3 Iris ha colaborado con la Escola Bet\u00e0nia de Cornell\u00e0 de Llobregat en un proyecto para fomentar la biodiversidad,","robots":{"index":"index","follow":"follow","max-snippet":"max-snippet:-1","max-image-preview":"max-image-preview:large","max-video-preview":"max-video-preview:-1"},"canonical":"https:\/\/www.fundacioiris.org\/es\/\ud83d\udc1e-asesoramiento-tecnico-en-el-proyecto-de-refugios-para-insectos-de-la-escola-betania\/","og_locale":"es_ES","og_type":"article","og_title":"\ud83d\udc1e Asesoramiento t\u00e9cnico en el proyecto de refugios para insectos de la Escola Bet\u00e0nia | Fundaci\u00f3 Iris","og_description":"Durante este curso escolar, la Fundaci\u00f3 Iris ha colaborado con la Escola Bet\u00e0nia de Cornell\u00e0 de Llobregat en un proyecto para fomentar la biodiversidad,","og_url":"https:\/\/www.fundacioiris.org\/es\/\ud83d\udc1e-asesoramiento-tecnico-en-el-proyecto-de-refugios-para-insectos-de-la-escola-betania\/","og_site_name":"Fundaci\u00f3 Iris","article_author":"https:\/\/www.facebook.com\/fundacioiris","article_published_time":"2025-07-04T12:26:52+00:00","og_image":[{"width":819,"height":1024,"url":"http:\/\/www.fundacioiris.org\/wp-content\/uploads\/2025\/07\/15-819x1024.png","type":"image\/png"}],"author":"fundacioiris","twitter_card":"summary_large_image","twitter_misc":{"Escrito por":"fundacioiris","Tiempo de lectura":"2 minutos"},"schema":{"@context":"https:\/\/schema.org","@graph":[{"@type":"WebPage","@id":"https:\/\/www.fundacioiris.org\/es\/%f0%9f%90%9e-asesoramiento-tecnico-en-el-proyecto-de-refugios-para-insectos-de-la-escola-betania\/","url":"https:\/\/www.fundacioiris.org\/es\/%f0%9f%90%9e-asesoramiento-tecnico-en-el-proyecto-de-refugios-para-insectos-de-la-escola-betania\/","name":"\ud83d\udc1e Asesoramiento t\u00e9cnico en el proyecto de refugios para insectos de la Escola Bet\u00e0nia | Fundaci\u00f3 Iris","isPartOf":{"@id":"https:\/\/www.fundacioiris.org\/es\/#website"},"primaryImageOfPage":{"@id":"https:\/\/www.fundacioiris.org\/es\/%f0%9f%90%9e-asesoramiento-tecnico-en-el-proyecto-de-refugios-para-insectos-de-la-escola-betania\/#primaryimage"},"image":{"@id":"https:\/\/www.fundacioiris.org\/es\/%f0%9f%90%9e-asesoramiento-tecnico-en-el-proyecto-de-refugios-para-insectos-de-la-escola-betania\/#primaryimage"},"thumbnailUrl":"https:\/\/www.fundacioiris.org\/wp-content\/uploads\/2025\/07\/15.png","datePublished":"2025-07-04T12:26:52+00:00","author":{"@id":"https:\/\/www.fundacioiris.org\/es\/#\/schema\/person\/3424a3bd8939b591fd8b648e56175712"},"description":"Durante este curso escolar, la Fundaci\u00f3 Iris ha colaborado con la Escola Bet\u00e0nia de Cornell\u00e0 de Llobregat en un proyecto para fomentar la biodiversidad,","breadcrumb":{"@id":"https:\/\/www.fundacioiris.org\/es\/%f0%9f%90%9e-asesoramiento-tecnico-en-el-proyecto-de-refugios-para-insectos-de-la-escola-betania\/#breadcrumb"},"inLanguage":"es","potentialAction":[{"@type":"ReadAction","target":["https:\/\/www.fundacioiris.org\/es\/%f0%9f%90%9e-asesoramiento-tecnico-en-el-proyecto-de-refugios-para-insectos-de-la-escola-betania\/"]}]},{"@type":"ImageObject","inLanguage":"es","@id":"https:\/\/www.fundacioiris.org\/es\/%f0%9f%90%9e-asesoramiento-tecnico-en-el-proyecto-de-refugios-para-insectos-de-la-escola-betania\/#primaryimage","url":"https:\/\/www.fundacioiris.org\/wp-content\/uploads\/2025\/07\/15.png","contentUrl":"https:\/\/www.fundacioiris.org\/wp-content\/uploads\/2025\/07\/15.png","width":1080,"height":1350},{"@type":"BreadcrumbList","@id":"https:\/\/www.fundacioiris.org\/es\/%f0%9f%90%9e-asesoramiento-tecnico-en-el-proyecto-de-refugios-para-insectos-de-la-escola-betania\/#breadcrumb","itemListElement":[{"@type":"ListItem","position":1,"name":"Inici","item":"https:\/\/www.fundacioiris.org\/es\/"},{"@type":"ListItem","position":2,"name":"\ud83d\udc1e Asesoramiento t\u00e9cnico en el proyecto de refugios para insectos de la Escola Bet\u00e0nia"}]},{"@type":"WebSite","@id":"https:\/\/www.fundacioiris.org\/es\/#website","url":"https:\/\/www.fundacioiris.org\/es\/","name":"Fundaci\u00f3 Iris","description":"Desde 1973 al lado de las personas con discapacidad intelectual","potentialAction":[{"@type":"SearchAction","target":{"@type":"EntryPoint","urlTemplate":"https:\/\/www.fundacioiris.org\/es\/?s={search_term_string}"},"query-input":{"@type":"PropertyValueSpecification","valueRequired":true,"valueName":"search_term_string"}}],"inLanguage":"es"},{"@type":"Person","@id":"https:\/\/www.fundacioiris.org\/es\/#\/schema\/person\/3424a3bd8939b591fd8b648e56175712","name":"fundacioiris","image":{"@type":"ImageObject","inLanguage":"es","@id":"https:\/\/www.fundacioiris.org\/es\/#\/schema\/person\/image\/","url":"https:\/\/secure.gravatar.com\/avatar\/389e9312672899cc87be3bfec5844e8c?s=96&d=mm&r=g","contentUrl":"https:\/\/secure.gravatar.com\/avatar\/389e9312672899cc87be3bfec5844e8c?s=96&d=mm&r=g","caption":"fundacioiris"},"sameAs":["https:\/\/www.facebook.com\/fundacioiris","https:\/\/www.instagram.com\/fundacio_iris\/","https:\/\/www.linkedin.com\/company\/fundaci-privada-iris\/?originalSubdomain=es"]}]}},"_links":{"self":[{"href":"https:\/\/www.fundacioiris.org\/es\/wp-json\/wp\/v2\/posts\/5078"}],"collection":[{"href":"https:\/\/www.fundacioiris.org\/es\/wp-json\/wp\/v2\/posts"}],"about":[{"href":"https:\/\/www.fundacioiris.org\/es\/wp-json\/wp\/v2\/types\/post"}],"author":[{"embeddable":true,"href":"https:\/\/www.fundacioiris.org\/es\/wp-json\/wp\/v2\/users\/3"}],"replies":[{"embeddable":true,"href":"https:\/\/www.fundacioiris.org\/es\/wp-json\/wp\/v2\/comments?post=5078"}],"version-history":[{"count":1,"href":"https:\/\/www.fundacioiris.org\/es\/wp-json\/wp\/v2\/posts\/5078\/revisions"}],"predecessor-version":[{"id":5079,"href":"https:\/\/www.fundacioiris.org\/es\/wp-json\/wp\/v2\/posts\/5078\/revisions\/5079"}],"wp:featuredmedia":[{"embeddable":true,"href":"https:\/\/www.fundacioiris.org\/es\/wp-json\/wp\/v2\/media\/5074"}],"wp:attachment":[{"href":"https:\/\/www.fundacioiris.org\/es\/wp-json\/wp\/v2\/media?parent=5078"}],"wp:term":[{"taxonomy":"category","embeddable":true,"href":"https:\/\/www.fundacioiris.org\/es\/wp-json\/wp\/v2\/categories?post=5078"},{"taxonomy":"post_tag","embeddable":true,"href":"https:\/\/www.fundacioiris.org\/es\/wp-json\/wp\/v2\/tags?post=5078"}],"curies":[{"name":"wp","href":"https:\/\/api.w.org\/{rel}","templated":true}]}}