{"id":4828,"date":"2025-05-14T12:07:47","date_gmt":"2025-05-14T10:07:47","guid":{"rendered":"https:\/\/www.fundacioiris.org\/?p=4828"},"modified":"2025-05-14T12:07:47","modified_gmt":"2025-05-14T10:07:47","slug":"un-nuevo-espacio-de-descanso-para-el-bienestar-de-todos","status":"publish","type":"post","link":"https:\/\/www.fundacioiris.org\/es\/un-nuevo-espacio-de-descanso-para-el-bienestar-de-todos\/","title":{"rendered":"Un nuevo espacio de descanso para el bienestar de todos"},"content":{"rendered":"<p data-start=\"176\" data-end=\"528\"><span class=\"_fadeIn_m1hgl_8\">En la <\/span><span class=\"_fadeIn_m1hgl_8\">Fundaci\u00f3n <\/span><span class=\"_fadeIn_m1hgl_8\">Iris <\/span><span class=\"_fadeIn_m1hgl_8\">hemos <\/span><span class=\"_fadeIn_m1hgl_8\">estrenado <\/span><span class=\"_fadeIn_m1hgl_8\">un <\/span><span class=\"_fadeIn_m1hgl_8\">nuevo <\/span><span class=\"_fadeIn_m1hgl_8\">espacio <\/span><span class=\"_fadeIn_m1hgl_8\">de <\/span><span class=\"_fadeIn_m1hgl_8\">descanso <\/span><span class=\"_fadeIn_m1hgl_8\">exterior <\/span><span class=\"_fadeIn_m1hgl_8\">dise\u00f1ado <\/span><span class=\"_fadeIn_m1hgl_8\">y <\/span><span class=\"_fadeIn_m1hgl_8\">construido <\/span><span class=\"_fadeIn_m1hgl_8\">por <\/span><span class=\"_fadeIn_m1hgl_8\">nuestro <\/span><span class=\"_fadeIn_m1hgl_8\">servicio <\/span><span class=\"_fadeIn_m1hgl_8\">de <\/span><span class=\"_fadeIn_m1hgl_8\">jardiner\u00eda. <\/span><span class=\"_fadeIn_m1hgl_8\">Esta <\/span><span class=\"_fadeIn_m1hgl_8\">iniciativa <\/span><span class=\"_fadeIn_m1hgl_8\">nace <\/span><span class=\"_fadeIn_m1hgl_8\">con <\/span><span class=\"_fadeIn_m1hgl_8\">la <\/span><span class=\"_fadeIn_m1hgl_8\">voluntad <\/span><span class=\"_fadeIn_m1hgl_8\">de <\/span><span class=\"_fadeIn_m1hgl_8\">ofrecer <\/span><span class=\"_fadeIn_m1hgl_8\">un <\/span><span class=\"_fadeIn_m1hgl_8\">rinc\u00f3n <\/span><span class=\"_fadeIn_m1hgl_8\">tranquilo <\/span><span class=\"_fadeIn_m1hgl_8\">y <\/span><span class=\"_fadeIn_m1hgl_8\">agradable <\/span><span class=\"_fadeIn_m1hgl_8\">donde <\/span><span class=\"_fadeIn_m1hgl_8\">las <\/span><span class=\"_fadeIn_m1hgl_8\">personas <\/span><span class=\"_fadeIn_m1hgl_8\">usuarias <\/span><span class=\"_fadeIn_m1hgl_8\">y <\/span><span class=\"_fadeIn_m1hgl_8\">el <\/span><span class=\"_fadeIn_m1hgl_8\">equipo <\/span><span class=\"_fadeIn_m1hgl_8\">profesional <\/span><span class=\"_fadeIn_m1hgl_8\">puedan <\/span><span class=\"_fadeIn_m1hgl_8\">hacer <\/span><span class=\"_fadeIn_m1hgl_8\">una <\/span><span class=\"_fadeIn_m1hgl_8\">pausa, <\/span><span class=\"_fadeIn_m1hgl_8\">socializar <\/span><span class=\"_fadeIn_m1hgl_8\">o <\/span><span class=\"_fadeIn_m1hgl_8\">simplemente <\/span><span class=\"_fadeIn_m1hgl_8\">disfrutar <\/span><span class=\"_fadeIn_m1hgl_8\">del <\/span><span class=\"_fadeIn_m1hgl_8\">contacto <\/span><span class=\"_fadeIn_m1hgl_8\">con <\/span><span class=\"_fadeIn_m1hgl_8\">la <\/span><span class=\"_fadeIn_m1hgl_8\">naturaleza.<\/span><\/p>\n<p data-start=\"530\" data-end=\"914\"><span class=\"_fadeIn_m1hgl_8\">El <\/span><span class=\"_fadeIn_m1hgl_8\">espacio <\/span><span class=\"_fadeIn_m1hgl_8\">se <\/span><span class=\"_fadeIn_m1hgl_8\">ha <\/span><span class=\"_fadeIn_m1hgl_8\">ubicado <\/span><span class=\"_fadeIn_m1hgl_8\">en <\/span><span class=\"_fadeIn_m1hgl_8\">la <\/span><span class=\"_fadeIn_m1hgl_8\">entrada <\/span><span class=\"_fadeIn_m1hgl_8\">del <\/span><span class=\"_fadeIn_m1hgl_8\">Centro <\/span><span class=\"_fadeIn_m1hgl_8\">Especial <\/span><span class=\"_fadeIn_m1hgl_8\">de <\/span><span class=\"_fadeIn_m1hgl_8\">Empleo <\/span><span class=\"_fadeIn_m1hgl_8\">y <\/span><span class=\"_fadeIn_m1hgl_8\">del <\/span><span class=\"_fadeIn_m1hgl_8\">Taller <\/span><span class=\"_fadeIn_m1hgl_8\">Ocupacional, <\/span><span class=\"_fadeIn_m1hgl_8\">y <\/span><span class=\"_fadeIn_m1hgl_8\">ha <\/span><span class=\"_fadeIn_m1hgl_8\">sido <\/span><span class=\"_fadeIn_m1hgl_8\">dise\u00f1ado <\/span><span class=\"_fadeIn_m1hgl_8\">con <\/span><span class=\"_fadeIn_m1hgl_8\">materiales <\/span><span class=\"_fadeIn_m1hgl_8\">sostenibles, <\/span><span class=\"_fadeIn_m1hgl_8\">integrando <\/span><span class=\"_fadeIn_m1hgl_8\">bancos <\/span><span class=\"_fadeIn_m1hgl_8\">de <\/span><span class=\"_fadeIn_m1hgl_8\">madera <\/span><span class=\"_fadeIn_m1hgl_8\">y <\/span><span class=\"_fadeIn_m1hgl_8\">zonas <\/span><span class=\"_fadeIn_m1hgl_8\">ajardinadas <\/span><span class=\"_fadeIn_m1hgl_8\">que <\/span><span class=\"_fadeIn_m1hgl_8\">aportan <\/span><span class=\"_fadeIn_m1hgl_8\">sombra <\/span><span class=\"_fadeIn_m1hgl_8\">y <\/span><span class=\"_fadeIn_m1hgl_8\">vegetaci\u00f3n. <\/span><span class=\"_fadeIn_m1hgl_8\">Adem\u00e1s <\/span><span class=\"_fadeIn_m1hgl_8\">de <\/span><span class=\"_fadeIn_m1hgl_8\">ser <\/span><span class=\"_fadeIn_m1hgl_8\">funcional, <\/span><span class=\"_fadeIn_m1hgl_8\">este <\/span><span class=\"_fadeIn_m1hgl_8\">rinc\u00f3n <\/span><span class=\"_fadeIn_m1hgl_8\">tambi\u00e9n <\/span><span class=\"_fadeIn_m1hgl_8\">contribuye <\/span><span class=\"_fadeIn_m1hgl_8\">a <\/span><span class=\"_fadeIn_m1hgl_8\">embellecer <\/span><span class=\"_fadeIn_m1hgl_8\">el <\/span><span class=\"_fadeIn_m1hgl_8\">entorno <\/span><span class=\"_fadeIn_m1hgl_8\">de <\/span><span class=\"_fadeIn_m1hgl_8\">la <\/span><span class=\"_fadeIn_m1hgl_8\">Fundaci\u00f3n <\/span><span class=\"_fadeIn_m1hgl_8\">y <\/span><span class=\"_fadeIn_m1hgl_8\">refleja <\/span><span class=\"_fadeIn_m1hgl_8\">el <\/span><span class=\"_fadeIn_m1hgl_8\">compromiso <\/span><span class=\"_fadeIn_m1hgl_8\">de <\/span><span class=\"_fadeIn_m1hgl_8\">las <\/span><span class=\"_fadeIn_m1hgl_8\">personas <\/span><span class=\"_fadeIn_m1hgl_8\">que <\/span><span class=\"_fadeIn_m1hgl_8\">forman <\/span><span class=\"_fadeIn_m1hgl_8\">parte <\/span><span class=\"_fadeIn_m1hgl_8\">de <\/span><span class=\"_fadeIn_m1hgl_8\">ella.<\/span><\/p>\n<p data-start=\"916\" data-end=\"1161\"><span class=\"_fadeIn_m1hgl_8\">Este <\/span><span class=\"_fadeIn_m1hgl_8\">proyecto <\/span><span class=\"_fadeIn_m1hgl_8\">no <\/span><span class=\"_fadeIn_m1hgl_8\">solo <\/span><span class=\"_fadeIn_m1hgl_8\">mejora <\/span><span class=\"_fadeIn_m1hgl_8\">los <\/span><span class=\"_fadeIn_m1hgl_8\">espacios <\/span><span class=\"_fadeIn_m1hgl_8\">comunes, <\/span><span class=\"_fadeIn_m1hgl_8\">sino <\/span><span class=\"_fadeIn_m1hgl_8\">que <\/span><span class=\"_fadeIn_m1hgl_8\">tambi\u00e9n <\/span><span class=\"_fadeIn_m1hgl_8\">es <\/span><span class=\"_fadeIn_m1hgl_8\">una <\/span><span class=\"_fadeIn_m1hgl_8\">muestra <\/span><span class=\"_fadeIn_m1hgl_8\">del <\/span><span class=\"_fadeIn_m1hgl_8\">valor <\/span><span class=\"_fadeIn_m1hgl_8\">y <\/span><span class=\"_fadeIn_m1hgl_8\">la <\/span><span class=\"_fadeIn_m1hgl_8\">capacidad <\/span><span class=\"_fadeIn_m1hgl_8\">de <\/span><span class=\"_fadeIn_m1hgl_8\">los <\/span><span class=\"_fadeIn_m1hgl_8\">equipos <\/span><span class=\"_fadeIn_m1hgl_8\">de <\/span><span class=\"_fadeIn_m1hgl_8\">trabajo <\/span><span class=\"_fadeIn_m1hgl_8\">de <\/span><span class=\"_fadeIn_m1hgl_8\">la <\/span><span class=\"_fadeIn_m1hgl_8\">Fundaci\u00f3n, <\/span><span class=\"_fadeIn_m1hgl_8\">que <\/span><span class=\"_fadeIn_m1hgl_8\">con <\/span><span class=\"_fadeIn_m1hgl_8\">esfuerzo <\/span><span class=\"_fadeIn_m1hgl_8\">y <\/span><span class=\"_fadeIn_m1hgl_8\">dedicaci\u00f3n <\/span><span class=\"_fadeIn_m1hgl_8\">crean <\/span><span class=\"_fadeIn_m1hgl_8\">entornos <\/span><span class=\"_fadeIn_m1hgl_8\">pensados <\/span><span class=\"_fadeIn_m1hgl_8\">para <\/span><span class=\"_fadeIn_m1hgl_8\">el <\/span><span class=\"_fadeIn_m1hgl_8\">bienestar <\/span><span class=\"_fadeIn_m1hgl_8\">de <\/span><span class=\"_fadeIn_m1hgl_8\">todas <\/span><span class=\"_fadeIn_m1hgl_8\">las <\/span><span class=\"_fadeIn_m1hgl_8\">personas.<\/span><\/p>\n<p data-start=\"1163\" data-end=\"1225\"><strong data-start=\"1163\" data-end=\"1225\"><span class=\"_fadeIn_m1hgl_8\">\u00a1<\/span><span class=\"_fadeIn_m1hgl_8\">Gracias <\/span><span class=\"_fadeIn_m1hgl_8\">a <\/span><span class=\"_fadeIn_m1hgl_8\">todas <\/span><span class=\"_fadeIn_m1hgl_8\">las <\/span><span class=\"_fadeIn_m1hgl_8\">personas <\/span><span class=\"_fadeIn_m1hgl_8\">que <\/span><span class=\"_fadeIn_m1hgl_8\">lo <\/span><span class=\"_fadeIn_m1hgl_8\">hab\u00e9is <\/span><span class=\"_fadeIn_m1hgl_8\">hecho <\/span><span class=\"_fadeIn_m1hgl_8\">posible!<\/p>\n<p><img loading=\"lazy\" decoding=\"async\" class=\"alignnone size-large wp-image-4823\" src=\"http:\/\/www.fundacioiris.org\/wp-content\/uploads\/2025\/05\/Imagen-de-WhatsApp-2025-05-13-a-las-09.41.21_aac5787b-1024x768.jpg\" alt=\"\" width=\"1024\" height=\"768\" srcset=\"https:\/\/www.fundacioiris.org\/wp-content\/uploads\/2025\/05\/Imagen-de-WhatsApp-2025-05-13-a-las-09.41.21_aac5787b-1024x768.jpg 1024w, https:\/\/www.fundacioiris.org\/wp-content\/uploads\/2025\/05\/Imagen-de-WhatsApp-2025-05-13-a-las-09.41.21_aac5787b-300x225.jpg 300w, https:\/\/www.fundacioiris.org\/wp-content\/uploads\/2025\/05\/Imagen-de-WhatsApp-2025-05-13-a-las-09.41.21_aac5787b-768x576.jpg 768w, https:\/\/www.fundacioiris.org\/wp-content\/uploads\/2025\/05\/Imagen-de-WhatsApp-2025-05-13-a-las-09.41.21_aac5787b-1536x1152.jpg 1536w, https:\/\/www.fundacioiris.org\/wp-content\/uploads\/2025\/05\/Imagen-de-WhatsApp-2025-05-13-a-las-09.41.21_aac5787b-640x480.jpg 640w, https:\/\/www.fundacioiris.org\/wp-content\/uploads\/2025\/05\/Imagen-de-WhatsApp-2025-05-13-a-las-09.41.21_aac5787b.jpg 2040w\" sizes=\"(max-width: 1024px) 100vw, 1024px\" \/><img loading=\"lazy\" decoding=\"async\" class=\"alignnone size-large wp-image-4813\" src=\"http:\/\/www.fundacioiris.org\/wp-content\/uploads\/2025\/05\/Imagen-de-WhatsApp-2025-04-04-a-las-12.47.33_1c090efe-1024x768.jpg\" alt=\"\" width=\"1024\" height=\"768\" srcset=\"https:\/\/www.fundacioiris.org\/wp-content\/uploads\/2025\/05\/Imagen-de-WhatsApp-2025-04-04-a-las-12.47.33_1c090efe-1024x768.jpg 1024w, https:\/\/www.fundacioiris.org\/wp-content\/uploads\/2025\/05\/Imagen-de-WhatsApp-2025-04-04-a-las-12.47.33_1c090efe-300x225.jpg 300w, https:\/\/www.fundacioiris.org\/wp-content\/uploads\/2025\/05\/Imagen-de-WhatsApp-2025-04-04-a-las-12.47.33_1c090efe-768x576.jpg 768w, https:\/\/www.fundacioiris.org\/wp-content\/uploads\/2025\/05\/Imagen-de-WhatsApp-2025-04-04-a-las-12.47.33_1c090efe-1536x1152.jpg 1536w, https:\/\/www.fundacioiris.org\/wp-content\/uploads\/2025\/05\/Imagen-de-WhatsApp-2025-04-04-a-las-12.47.33_1c090efe-640x480.jpg 640w, https:\/\/www.fundacioiris.org\/wp-content\/uploads\/2025\/05\/Imagen-de-WhatsApp-2025-04-04-a-las-12.47.33_1c090efe.jpg 2000w\" sizes=\"(max-width: 1024px) 100vw, 1024px\" \/><img loading=\"lazy\" decoding=\"async\" class=\"alignnone size-large wp-image-4825\" src=\"http:\/\/www.fundacioiris.org\/wp-content\/uploads\/2025\/05\/imatge_destacada_wordpress-1024x536.jpg\" alt=\"\" width=\"1024\" height=\"536\" srcset=\"https:\/\/www.fundacioiris.org\/wp-content\/uploads\/2025\/05\/imatge_destacada_wordpress-1024x536.jpg 1024w, https:\/\/www.fundacioiris.org\/wp-content\/uploads\/2025\/05\/imatge_destacada_wordpress-300x157.jpg 300w, https:\/\/www.fundacioiris.org\/wp-content\/uploads\/2025\/05\/imatge_destacada_wordpress-768x402.jpg 768w, https:\/\/www.fundacioiris.org\/wp-content\/uploads\/2025\/05\/imatge_destacada_wordpress.jpg 1200w\" sizes=\"(max-width: 1024px) 100vw, 1024px\" \/><img loading=\"lazy\" decoding=\"async\" class=\"alignnone size-large wp-image-4815\" src=\"http:\/\/www.fundacioiris.org\/wp-content\/uploads\/2025\/05\/Imagen-de-WhatsApp-2025-04-04-a-las-12.47.34_156feff3-1024x768.jpg\" alt=\"\" width=\"1024\" height=\"768\" srcset=\"https:\/\/www.fundacioiris.org\/wp-content\/uploads\/2025\/05\/Imagen-de-WhatsApp-2025-04-04-a-las-12.47.34_156feff3-1024x768.jpg 1024w, https:\/\/www.fundacioiris.org\/wp-content\/uploads\/2025\/05\/Imagen-de-WhatsApp-2025-04-04-a-las-12.47.34_156feff3-300x225.jpg 300w, https:\/\/www.fundacioiris.org\/wp-content\/uploads\/2025\/05\/Imagen-de-WhatsApp-2025-04-04-a-las-12.47.34_156feff3-768x576.jpg 768w, https:\/\/www.fundacioiris.org\/wp-content\/uploads\/2025\/05\/Imagen-de-WhatsApp-2025-04-04-a-las-12.47.34_156feff3-1536x1152.jpg 1536w, https:\/\/www.fundacioiris.org\/wp-content\/uploads\/2025\/05\/Imagen-de-WhatsApp-2025-04-04-a-las-12.47.34_156feff3-640x480.jpg 640w, https:\/\/www.fundacioiris.org\/wp-content\/uploads\/2025\/05\/Imagen-de-WhatsApp-2025-04-04-a-las-12.47.34_156feff3.jpg 2000w\" sizes=\"(max-width: 1024px) 100vw, 1024px\" \/><br \/>\n<\/span><\/strong><\/p>\n","protected":false},"excerpt":{"rendered":"<p>En la Fundaci\u00f3n Iris hemos estrenado un nuevo espacio de descanso exterior dise\u00f1ado y construido por nuestro servicio de jardiner\u00eda. Esta iniciativa nace con la voluntad de ofrecer un rinc\u00f3n tranquilo y agradable donde las personas usuarias y el equipo profesional puedan hacer una pausa, socializar o simplemente disfrutar del contacto con la naturaleza. El<\/p>\n","protected":false},"author":3,"featured_media":4825,"comment_status":"closed","ping_status":"closed","sticky":false,"template":"","format":"standard","meta":{"_acf_changed":false,"footnotes":""},"categories":[26],"tags":[],"acf":[],"yoast_head":"<!-- This site is optimized with the Yoast SEO plugin v24.5 - https:\/\/yoast.com\/wordpress\/plugins\/seo\/ -->\n<title>Un nuevo espacio de descanso para el bienestar de todos | Fundaci\u00f3 Iris<\/title>\n<meta name=\"description\" content=\"En la Fundaci\u00f3n Iris hemos estrenado un nuevo espacio de descanso exterior dise\u00f1ado y construido por nuestro servicio de jardiner\u00eda. Esta iniciativa nace\" \/>\n<meta name=\"robots\" content=\"index, follow, max-snippet:-1, max-image-preview:large, max-video-preview:-1\" \/>\n<link rel=\"canonical\" href=\"https:\/\/www.fundacioiris.org\/es\/un-nuevo-espacio-de-descanso-para-el-bienestar-de-todos\/\" \/>\n<meta property=\"og:locale\" content=\"es_ES\" \/>\n<meta property=\"og:type\" content=\"article\" \/>\n<meta property=\"og:title\" content=\"Un nuevo espacio de descanso para el bienestar de todos | Fundaci\u00f3 Iris\" \/>\n<meta property=\"og:description\" content=\"En la Fundaci\u00f3n Iris hemos estrenado un nuevo espacio de descanso exterior dise\u00f1ado y construido por nuestro servicio de jardiner\u00eda. Esta iniciativa nace\" \/>\n<meta property=\"og:url\" content=\"https:\/\/www.fundacioiris.org\/es\/un-nuevo-espacio-de-descanso-para-el-bienestar-de-todos\/\" \/>\n<meta property=\"og:site_name\" content=\"Fundaci\u00f3 Iris\" \/>\n<meta property=\"article:author\" content=\"https:\/\/www.facebook.com\/fundacioiris\" \/>\n<meta property=\"article:published_time\" content=\"2025-05-14T10:07:47+00:00\" \/>\n<meta property=\"og:image\" content=\"http:\/\/www.fundacioiris.org\/wp-content\/uploads\/2025\/05\/imatge_destacada_wordpress.jpg\" \/>\n\t<meta property=\"og:image:width\" content=\"1200\" \/>\n\t<meta property=\"og:image:height\" content=\"628\" \/>\n\t<meta property=\"og:image:type\" content=\"image\/jpeg\" \/>\n<meta name=\"author\" content=\"fundacioiris\" \/>\n<meta name=\"twitter:card\" content=\"summary_large_image\" \/>\n<meta name=\"twitter:label1\" content=\"Escrito por\" \/>\n\t<meta name=\"twitter:data1\" content=\"fundacioiris\" \/>\n\t<meta name=\"twitter:label2\" content=\"Tiempo de lectura\" \/>\n\t<meta name=\"twitter:data2\" content=\"2 minutos\" \/>\n<script type=\"application\/ld+json\" class=\"yoast-schema-graph\">{\"@context\":\"https:\/\/schema.org\",\"@graph\":[{\"@type\":\"WebPage\",\"@id\":\"https:\/\/www.fundacioiris.org\/es\/un-nuevo-espacio-de-descanso-para-el-bienestar-de-todos\/\",\"url\":\"https:\/\/www.fundacioiris.org\/es\/un-nuevo-espacio-de-descanso-para-el-bienestar-de-todos\/\",\"name\":\"Un nuevo espacio de descanso para el bienestar de todos | Fundaci\u00f3 Iris\",\"isPartOf\":{\"@id\":\"https:\/\/www.fundacioiris.org\/es\/#website\"},\"primaryImageOfPage\":{\"@id\":\"https:\/\/www.fundacioiris.org\/es\/un-nuevo-espacio-de-descanso-para-el-bienestar-de-todos\/#primaryimage\"},\"image\":{\"@id\":\"https:\/\/www.fundacioiris.org\/es\/un-nuevo-espacio-de-descanso-para-el-bienestar-de-todos\/#primaryimage\"},\"thumbnailUrl\":\"https:\/\/www.fundacioiris.org\/wp-content\/uploads\/2025\/05\/imatge_destacada_wordpress.jpg\",\"datePublished\":\"2025-05-14T10:07:47+00:00\",\"author\":{\"@id\":\"https:\/\/www.fundacioiris.org\/es\/#\/schema\/person\/3424a3bd8939b591fd8b648e56175712\"},\"description\":\"En la Fundaci\u00f3n Iris hemos estrenado un nuevo espacio de descanso exterior dise\u00f1ado y construido por nuestro servicio de jardiner\u00eda. Esta iniciativa nace\",\"breadcrumb\":{\"@id\":\"https:\/\/www.fundacioiris.org\/es\/un-nuevo-espacio-de-descanso-para-el-bienestar-de-todos\/#breadcrumb\"},\"inLanguage\":\"es\",\"potentialAction\":[{\"@type\":\"ReadAction\",\"target\":[\"https:\/\/www.fundacioiris.org\/es\/un-nuevo-espacio-de-descanso-para-el-bienestar-de-todos\/\"]}]},{\"@type\":\"ImageObject\",\"inLanguage\":\"es\",\"@id\":\"https:\/\/www.fundacioiris.org\/es\/un-nuevo-espacio-de-descanso-para-el-bienestar-de-todos\/#primaryimage\",\"url\":\"https:\/\/www.fundacioiris.org\/wp-content\/uploads\/2025\/05\/imatge_destacada_wordpress.jpg\",\"contentUrl\":\"https:\/\/www.fundacioiris.org\/wp-content\/uploads\/2025\/05\/imatge_destacada_wordpress.jpg\",\"width\":1200,\"height\":628},{\"@type\":\"BreadcrumbList\",\"@id\":\"https:\/\/www.fundacioiris.org\/es\/un-nuevo-espacio-de-descanso-para-el-bienestar-de-todos\/#breadcrumb\",\"itemListElement\":[{\"@type\":\"ListItem\",\"position\":1,\"name\":\"Inici\",\"item\":\"https:\/\/www.fundacioiris.org\/es\/\"},{\"@type\":\"ListItem\",\"position\":2,\"name\":\"Un nuevo espacio de descanso para el bienestar de todos\"}]},{\"@type\":\"WebSite\",\"@id\":\"https:\/\/www.fundacioiris.org\/es\/#website\",\"url\":\"https:\/\/www.fundacioiris.org\/es\/\",\"name\":\"Fundaci\u00f3 Iris\",\"description\":\"Desde 1973 al lado de las personas con discapacidad intelectual\",\"potentialAction\":[{\"@type\":\"SearchAction\",\"target\":{\"@type\":\"EntryPoint\",\"urlTemplate\":\"https:\/\/www.fundacioiris.org\/es\/?s={search_term_string}\"},\"query-input\":{\"@type\":\"PropertyValueSpecification\",\"valueRequired\":true,\"valueName\":\"search_term_string\"}}],\"inLanguage\":\"es\"},{\"@type\":\"Person\",\"@id\":\"https:\/\/www.fundacioiris.org\/es\/#\/schema\/person\/3424a3bd8939b591fd8b648e56175712\",\"name\":\"fundacioiris\",\"image\":{\"@type\":\"ImageObject\",\"inLanguage\":\"es\",\"@id\":\"https:\/\/www.fundacioiris.org\/es\/#\/schema\/person\/image\/\",\"url\":\"https:\/\/secure.gravatar.com\/avatar\/389e9312672899cc87be3bfec5844e8c?s=96&d=mm&r=g\",\"contentUrl\":\"https:\/\/secure.gravatar.com\/avatar\/389e9312672899cc87be3bfec5844e8c?s=96&d=mm&r=g\",\"caption\":\"fundacioiris\"},\"sameAs\":[\"https:\/\/www.facebook.com\/fundacioiris\",\"https:\/\/www.instagram.com\/fundacio_iris\/\",\"https:\/\/www.linkedin.com\/company\/fundaci-privada-iris\/?originalSubdomain=es\"]}]}<\/script>\n<!-- \/ Yoast SEO plugin. -->","yoast_head_json":{"title":"Un nuevo espacio de descanso para el bienestar de todos | Fundaci\u00f3 Iris","description":"En la Fundaci\u00f3n Iris hemos estrenado un nuevo espacio de descanso exterior dise\u00f1ado y construido por nuestro servicio de jardiner\u00eda. Esta iniciativa nace","robots":{"index":"index","follow":"follow","max-snippet":"max-snippet:-1","max-image-preview":"max-image-preview:large","max-video-preview":"max-video-preview:-1"},"canonical":"https:\/\/www.fundacioiris.org\/es\/un-nuevo-espacio-de-descanso-para-el-bienestar-de-todos\/","og_locale":"es_ES","og_type":"article","og_title":"Un nuevo espacio de descanso para el bienestar de todos | Fundaci\u00f3 Iris","og_description":"En la Fundaci\u00f3n Iris hemos estrenado un nuevo espacio de descanso exterior dise\u00f1ado y construido por nuestro servicio de jardiner\u00eda. Esta iniciativa nace","og_url":"https:\/\/www.fundacioiris.org\/es\/un-nuevo-espacio-de-descanso-para-el-bienestar-de-todos\/","og_site_name":"Fundaci\u00f3 Iris","article_author":"https:\/\/www.facebook.com\/fundacioiris","article_published_time":"2025-05-14T10:07:47+00:00","og_image":[{"width":1200,"height":628,"url":"http:\/\/www.fundacioiris.org\/wp-content\/uploads\/2025\/05\/imatge_destacada_wordpress.jpg","type":"image\/jpeg"}],"author":"fundacioiris","twitter_card":"summary_large_image","twitter_misc":{"Escrito por":"fundacioiris","Tiempo de lectura":"2 minutos"},"schema":{"@context":"https:\/\/schema.org","@graph":[{"@type":"WebPage","@id":"https:\/\/www.fundacioiris.org\/es\/un-nuevo-espacio-de-descanso-para-el-bienestar-de-todos\/","url":"https:\/\/www.fundacioiris.org\/es\/un-nuevo-espacio-de-descanso-para-el-bienestar-de-todos\/","name":"Un nuevo espacio de descanso para el bienestar de todos | Fundaci\u00f3 Iris","isPartOf":{"@id":"https:\/\/www.fundacioiris.org\/es\/#website"},"primaryImageOfPage":{"@id":"https:\/\/www.fundacioiris.org\/es\/un-nuevo-espacio-de-descanso-para-el-bienestar-de-todos\/#primaryimage"},"image":{"@id":"https:\/\/www.fundacioiris.org\/es\/un-nuevo-espacio-de-descanso-para-el-bienestar-de-todos\/#primaryimage"},"thumbnailUrl":"https:\/\/www.fundacioiris.org\/wp-content\/uploads\/2025\/05\/imatge_destacada_wordpress.jpg","datePublished":"2025-05-14T10:07:47+00:00","author":{"@id":"https:\/\/www.fundacioiris.org\/es\/#\/schema\/person\/3424a3bd8939b591fd8b648e56175712"},"description":"En la Fundaci\u00f3n Iris hemos estrenado un nuevo espacio de descanso exterior dise\u00f1ado y construido por nuestro servicio de jardiner\u00eda. Esta iniciativa nace","breadcrumb":{"@id":"https:\/\/www.fundacioiris.org\/es\/un-nuevo-espacio-de-descanso-para-el-bienestar-de-todos\/#breadcrumb"},"inLanguage":"es","potentialAction":[{"@type":"ReadAction","target":["https:\/\/www.fundacioiris.org\/es\/un-nuevo-espacio-de-descanso-para-el-bienestar-de-todos\/"]}]},{"@type":"ImageObject","inLanguage":"es","@id":"https:\/\/www.fundacioiris.org\/es\/un-nuevo-espacio-de-descanso-para-el-bienestar-de-todos\/#primaryimage","url":"https:\/\/www.fundacioiris.org\/wp-content\/uploads\/2025\/05\/imatge_destacada_wordpress.jpg","contentUrl":"https:\/\/www.fundacioiris.org\/wp-content\/uploads\/2025\/05\/imatge_destacada_wordpress.jpg","width":1200,"height":628},{"@type":"BreadcrumbList","@id":"https:\/\/www.fundacioiris.org\/es\/un-nuevo-espacio-de-descanso-para-el-bienestar-de-todos\/#breadcrumb","itemListElement":[{"@type":"ListItem","position":1,"name":"Inici","item":"https:\/\/www.fundacioiris.org\/es\/"},{"@type":"ListItem","position":2,"name":"Un nuevo espacio de descanso para el bienestar de todos"}]},{"@type":"WebSite","@id":"https:\/\/www.fundacioiris.org\/es\/#website","url":"https:\/\/www.fundacioiris.org\/es\/","name":"Fundaci\u00f3 Iris","description":"Desde 1973 al lado de las personas con discapacidad intelectual","potentialAction":[{"@type":"SearchAction","target":{"@type":"EntryPoint","urlTemplate":"https:\/\/www.fundacioiris.org\/es\/?s={search_term_string}"},"query-input":{"@type":"PropertyValueSpecification","valueRequired":true,"valueName":"search_term_string"}}],"inLanguage":"es"},{"@type":"Person","@id":"https:\/\/www.fundacioiris.org\/es\/#\/schema\/person\/3424a3bd8939b591fd8b648e56175712","name":"fundacioiris","image":{"@type":"ImageObject","inLanguage":"es","@id":"https:\/\/www.fundacioiris.org\/es\/#\/schema\/person\/image\/","url":"https:\/\/secure.gravatar.com\/avatar\/389e9312672899cc87be3bfec5844e8c?s=96&d=mm&r=g","contentUrl":"https:\/\/secure.gravatar.com\/avatar\/389e9312672899cc87be3bfec5844e8c?s=96&d=mm&r=g","caption":"fundacioiris"},"sameAs":["https:\/\/www.facebook.com\/fundacioiris","https:\/\/www.instagram.com\/fundacio_iris\/","https:\/\/www.linkedin.com\/company\/fundaci-privada-iris\/?originalSubdomain=es"]}]}},"_links":{"self":[{"href":"https:\/\/www.fundacioiris.org\/es\/wp-json\/wp\/v2\/posts\/4828"}],"collection":[{"href":"https:\/\/www.fundacioiris.org\/es\/wp-json\/wp\/v2\/posts"}],"about":[{"href":"https:\/\/www.fundacioiris.org\/es\/wp-json\/wp\/v2\/types\/post"}],"author":[{"embeddable":true,"href":"https:\/\/www.fundacioiris.org\/es\/wp-json\/wp\/v2\/users\/3"}],"replies":[{"embeddable":true,"href":"https:\/\/www.fundacioiris.org\/es\/wp-json\/wp\/v2\/comments?post=4828"}],"version-history":[{"count":1,"href":"https:\/\/www.fundacioiris.org\/es\/wp-json\/wp\/v2\/posts\/4828\/revisions"}],"predecessor-version":[{"id":4829,"href":"https:\/\/www.fundacioiris.org\/es\/wp-json\/wp\/v2\/posts\/4828\/revisions\/4829"}],"wp:featuredmedia":[{"embeddable":true,"href":"https:\/\/www.fundacioiris.org\/es\/wp-json\/wp\/v2\/media\/4825"}],"wp:attachment":[{"href":"https:\/\/www.fundacioiris.org\/es\/wp-json\/wp\/v2\/media?parent=4828"}],"wp:term":[{"taxonomy":"category","embeddable":true,"href":"https:\/\/www.fundacioiris.org\/es\/wp-json\/wp\/v2\/categories?post=4828"},{"taxonomy":"post_tag","embeddable":true,"href":"https:\/\/www.fundacioiris.org\/es\/wp-json\/wp\/v2\/tags?post=4828"}],"curies":[{"name":"wp","href":"https:\/\/api.w.org\/{rel}","templated":true}]}}