{"id":4799,"date":"2025-05-13T12:14:08","date_gmt":"2025-05-13T10:14:08","guid":{"rendered":"https:\/\/www.fundacioiris.org\/?p=4799"},"modified":"2025-05-13T12:20:38","modified_gmt":"2025-05-13T10:20:38","slug":"exposicio-solidaria-colors-per-la-dana","status":"publish","type":"post","link":"https:\/\/www.fundacioiris.org\/es\/exposicio-solidaria-colors-per-la-dana\/","title":{"rendered":"Exposici\u00f3n solidaria \u201cColors per la Dana\u201d"},"content":{"rendered":"<p data-start=\"150\" data-end=\"360\"><span class=\"_fadeIn_m1hgl_8\">Del <\/span><span class=\"_fadeIn_m1hgl_8\">29 <\/span><span class=\"_fadeIn_m1hgl_8\">de <\/span><span class=\"_fadeIn_m1hgl_8\">mayo <\/span><span class=\"_fadeIn_m1hgl_8\">al <\/span><span class=\"_fadeIn_m1hgl_8\">13 <\/span><span class=\"_fadeIn_m1hgl_8\">de <\/span><span class=\"_fadeIn_m1hgl_8\">junio, <\/span><span class=\"_fadeIn_m1hgl_8\">la <\/span><span class=\"_fadeIn_m1hgl_8\">Sala <\/span><span class=\"_fadeIn_m1hgl_8\">grande <\/span><span class=\"_fadeIn_m1hgl_8\">de <\/span><span class=\"_fadeIn_m1hgl_8\">Can <\/span><span class=\"_fadeIn_m1hgl_8\">Comamala (<\/span><span class=\"_fadeIn_m1hgl_8\">Sant <\/span><span class=\"_fadeIn_m1hgl_8\">Vicen\u00e7 <\/span><span class=\"_fadeIn_m1hgl_8\">dels <\/span><span class=\"_fadeIn_m1hgl_8\">Horts) <\/span><span class=\"_fadeIn_m1hgl_8\">acoge <\/span><span class=\"_fadeIn_m1hgl_8\">la <\/span><span class=\"_fadeIn_m1hgl_8\">exposici\u00f3n <\/span><span class=\"_fadeIn_m1hgl_8\">solidaria <\/span><span class=\"_fadeIn_m1hgl_8\">\u201c<\/span><span class=\"_fadeIn_m1hgl_8\">Colors <\/span><span class=\"_fadeIn_m1hgl_8\">per <\/span><span class=\"_fadeIn_m1hgl_8\">la <\/span><span class=\"_fadeIn_m1hgl_8\">Dana\u201d<\/span><span class=\"_fadeIn_m1hgl_8\">, <\/span><span class=\"_fadeIn_m1hgl_8\">una <\/span><span class=\"_fadeIn_m1hgl_8\">iniciativa <\/span><span class=\"_fadeIn_m1hgl_8\">art\u00edstica <\/span><span class=\"_fadeIn_m1hgl_8\">y <\/span><span class=\"_fadeIn_m1hgl_8\">comunitaria <\/span><span class=\"_fadeIn_m1hgl_8\">impulsada <\/span><span class=\"_fadeIn_m1hgl_8\">por <\/span><span class=\"_fadeIn_m1hgl_8\">Fundaci\u00f3 <\/span><span class=\"_fadeIn_m1hgl_8\">Iris.<\/span><\/p>\n<p data-start=\"362\" data-end=\"549\"><span class=\"_fadeIn_m1hgl_8\">Esta <\/span><span class=\"_fadeIn_m1hgl_8\">exposici\u00f3n <\/span><span class=\"_fadeIn_m1hgl_8\">y <\/span><span class=\"_fadeIn_m1hgl_8\">venta <\/span><span class=\"_fadeIn_m1hgl_8\">de <\/span><span class=\"_fadeIn_m1hgl_8\">cuadros <\/span><span class=\"_fadeIn_m1hgl_8\">tiene <\/span><span class=\"_fadeIn_m1hgl_8\">como <\/span><span class=\"_fadeIn_m1hgl_8\">objetivo <\/span><strong data-start=\"417\" data-end=\"488\"><span class=\"_fadeIn_m1hgl_8\">a<\/span><\/strong><span class=\"_fadeIn_m1hgl_8\">poyar <\/span><strong data-start=\"417\" data-end=\"488\"><span class=\"_fadeIn_m1hgl_8\">la <\/span><span class=\"_fadeIn_m1hgl_8\">reconstrucci\u00f3n <\/span><span class=\"_fadeIn_m1hgl_8\">del <\/span><span class=\"_fadeIn_m1hgl_8\">taller <\/span><span class=\"_fadeIn_m1hgl_8\">ocupacional <\/span><span class=\"_fadeIn_m1hgl_8\">La <\/span><span class=\"_fadeIn_m1hgl_8\">Torre (<\/span><span class=\"_fadeIn_m1hgl_8\">Valencia)<\/span><\/strong><span class=\"_fadeIn_m1hgl_8\">, <\/span><span class=\"_fadeIn_m1hgl_8\">que <\/span><span class=\"_fadeIn_m1hgl_8\">result\u00f3 <\/span><span class=\"_fadeIn_m1hgl_8\">gravemente <\/span><span class=\"_fadeIn_m1hgl_8\">afectado <\/span><span class=\"_fadeIn_m1hgl_8\">por <\/span><span class=\"_fadeIn_m1hgl_8\">los <\/span><span class=\"_fadeIn_m1hgl_8\">efectos <\/span><span class=\"_fadeIn_m1hgl_8\">de <\/span><span class=\"_fadeIn_m1hgl_8\">la <\/span><span class=\"_fadeIn_m1hgl_8\">DANA.<\/span><\/p>\n<p data-start=\"551\" data-end=\"720\"><span class=\"_fadeIn_m1hgl_8\">Las <\/span><span class=\"_fadeIn_m1hgl_8\">obras <\/span><span class=\"_fadeIn_m1hgl_8\">expuestas <\/span><span class=\"_fadeIn_m1hgl_8\">han <\/span><span class=\"_fadeIn_m1hgl_8\">sido <\/span><span class=\"_fadeIn_m1hgl_8\">realizadas <\/span><span class=\"_fadeIn_m1hgl_8\">por <\/span><span class=\"_fadeIn_m1hgl_8\">las <\/span><span class=\"_fadeIn_m1hgl_8\">personas <\/span><span class=\"_fadeIn_m1hgl_8\">de <\/span><span class=\"_fadeIn_m1hgl_8\">nuestro <\/span><span class=\"_fadeIn_m1hgl_8\">propio <\/span><span class=\"_fadeIn_m1hgl_8\">taller <\/span><span class=\"_fadeIn_m1hgl_8\">ocupacional, <\/span><span class=\"_fadeIn_m1hgl_8\">que <\/span><span class=\"_fadeIn_m1hgl_8\">han <\/span><span class=\"_fadeIn_m1hgl_8\">querido <\/span><span class=\"_fadeIn_m1hgl_8\">sumarse <\/span><span class=\"_fadeIn_m1hgl_8\">a <\/span><span class=\"_fadeIn_m1hgl_8\">esta <\/span><span class=\"_fadeIn_m1hgl_8\">causa <\/span><span class=\"_fadeIn_m1hgl_8\">solidaria <\/span><span class=\"_fadeIn_m1hgl_8\">a <\/span><span class=\"_fadeIn_m1hgl_8\">trav\u00e9s <\/span><span class=\"_fadeIn_m1hgl_8\">de <\/span><span class=\"_fadeIn_m1hgl_8\">su <\/span><span class=\"_fadeIn_m1hgl_8\">creatividad.<\/span><\/p>\n<p data-start=\"722\" data-end=\"943\"><span class=\"_fadeIn_m1hgl_8\">El <\/span><span class=\"_fadeIn_m1hgl_8\">acto <\/span><span class=\"_fadeIn_m1hgl_8\">de <\/span><span class=\"_fadeIn_m1hgl_8\">inauguraci\u00f3n <\/span><span class=\"_fadeIn_m1hgl_8\">tendr\u00e1 <\/span><span class=\"_fadeIn_m1hgl_8\">lugar <\/span><span class=\"_fadeIn_m1hgl_8\">el <\/span><span class=\"_fadeIn_m1hgl_8\">jueves <\/span><span class=\"_fadeIn_m1hgl_8\">29 <\/span><span class=\"_fadeIn_m1hgl_8\">de <\/span><span class=\"_fadeIn_m1hgl_8\">mayo <\/span><span class=\"_fadeIn_m1hgl_8\">a <\/span><span class=\"_fadeIn_m1hgl_8\">las <\/span><span class=\"_fadeIn_m1hgl_8\">17:<\/span><span class=\"_fadeIn_m1hgl_8\">30 <\/span><span class=\"_fadeIn_m1hgl_8\">h<\/span> <span class=\"_fadeIn_m1hgl_8\">en <\/span><span class=\"_fadeIn_m1hgl_8\">la <\/span><span class=\"_fadeIn_m1hgl_8\">Sala <\/span><span class=\"_fadeIn_m1hgl_8\">grande <\/span><span class=\"_fadeIn_m1hgl_8\">de <\/span><span class=\"_fadeIn_m1hgl_8\">Can <\/span><span class=\"_fadeIn_m1hgl_8\">Comamala. <\/span><span class=\"_fadeIn_m1hgl_8\">Ese <\/span><span class=\"_fadeIn_m1hgl_8\">mismo <\/span><span class=\"_fadeIn_m1hgl_8\">d\u00eda <\/span><span class=\"_fadeIn_m1hgl_8\">se <\/span><span class=\"_fadeIn_m1hgl_8\">podr\u00e1n <\/span><span class=\"_fadeIn_m1hgl_8\">adquirir <\/span><span class=\"_fadeIn_m1hgl_8\">las <\/span><span class=\"_fadeIn_m1hgl_8\">obras, <\/span><span class=\"_fadeIn_m1hgl_8\">y <\/span><span class=\"_fadeIn_m1hgl_8\">durante <\/span><span class=\"_fadeIn_m1hgl_8\">las <\/span><span class=\"_fadeIn_m1hgl_8\">dos <\/span><span class=\"_fadeIn_m1hgl_8\">semanas <\/span><span class=\"_fadeIn_m1hgl_8\">siguientes <\/span><span class=\"_fadeIn_m1hgl_8\">se <\/span><span class=\"_fadeIn_m1hgl_8\">podr\u00e1n <\/span><span class=\"_fadeIn_m1hgl_8\">visitar <\/span><span class=\"_fadeIn_m1hgl_8\">y <\/span><span class=\"_fadeIn_m1hgl_8\">reservar.<\/span><\/p>\n<h3 data-start=\"945\" data-end=\"981\"><span class=\"_fadeIn_m1hgl_8\">Horario <\/span><span class=\"_fadeIn_m1hgl_8\">de <\/span><span class=\"_fadeIn_m1hgl_8\">apertura <\/span><span class=\"_fadeIn_m1hgl_8\">al <\/span><span class=\"_fadeIn_m1hgl_8\">p\u00fablico<\/span><\/h3>\n<p data-start=\"982\" data-end=\"1043\"><span class=\"_fadeIn_m1hgl_8\">\ud83d\udd70 <\/span><span class=\"_fadeIn_m1hgl_8\">De <\/span><span class=\"_fadeIn_m1hgl_8\">lunes <\/span><span class=\"_fadeIn_m1hgl_8\">a <\/span><span class=\"_fadeIn_m1hgl_8\">viernes: <\/span><span class=\"_fadeIn_m1hgl_8\">de <\/span><span class=\"_fadeIn_m1hgl_8\">17 <\/span><span class=\"_fadeIn_m1hgl_8\">a <\/span><span class=\"_fadeIn_m1hgl_8\">20 <\/span><span class=\"_fadeIn_m1hgl_8\">h<\/span><br data-start=\"1017\" data-end=\"1020\" \/><span class=\"_fadeIn_m1hgl_8\">\ud83d\udd70 <\/span><span class=\"_fadeIn_m1hgl_8\">S\u00e1bados: <\/span><span class=\"_fadeIn_m1hgl_8\">de <\/span><span class=\"_fadeIn_m1hgl_8\">9 <\/span><span class=\"_fadeIn_m1hgl_8\">a <\/span><span class=\"_fadeIn_m1hgl_8\">14 <\/span><span class=\"_fadeIn_m1hgl_8\">h<\/span><\/p>\n<p data-start=\"1045\" data-end=\"1142\"><span class=\"_fadeIn_m1hgl_8\">\ud83d\udccd <\/span><strong data-start=\"1048\" data-end=\"1079\"><span class=\"_fadeIn_m1hgl_8\">Sala <\/span><span class=\"_fadeIn_m1hgl_8\">grande <\/span><span class=\"_fadeIn_m1hgl_8\">de <\/span><span class=\"_fadeIn_m1hgl_8\">Can <\/span><span class=\"_fadeIn_m1hgl_8\">Comamala<\/span><\/strong><br data-start=\"1079\" data-end=\"1082\" \/><span class=\"_fadeIn_m1hgl_8\">Carrer <\/span><span class=\"_fadeIn_m1hgl_8\">Moss\u00e8n <\/span><span class=\"_fadeIn_m1hgl_8\">Jacint <\/span><span class=\"_fadeIn_m1hgl_8\">Verdaguer, <\/span><span class=\"_fadeIn_m1hgl_8\">113<\/span><br data-start=\"1117\" data-end=\"1120\" \/><span class=\"_fadeIn_m1hgl_8\">Sant <\/span><span class=\"_fadeIn_m1hgl_8\">Vicen\u00e7 <\/span><span class=\"_fadeIn_m1hgl_8\">dels <\/span><span class=\"_fadeIn_m1hgl_8\">Horts<\/span><\/p>\n<p data-start=\"1144\" data-end=\"1221\"><span class=\"_fadeIn_m1hgl_8\">\u00a1<\/span><span class=\"_fadeIn_m1hgl_8\">Os <\/span><span class=\"_fadeIn_m1hgl_8\">animamos <\/span><span class=\"_fadeIn_m1hgl_8\">a <\/span><span class=\"_fadeIn_m1hgl_8\">visitarla, <\/span><span class=\"_fadeIn_m1hgl_8\">compartirla <\/span><span class=\"_fadeIn_m1hgl_8\">y <\/span><span class=\"_fadeIn_m1hgl_8\">contribuir <\/span><span class=\"_fadeIn_m1hgl_8\">con <\/span><span class=\"_fadeIn_m1hgl_8\">esta <\/span><span class=\"_fadeIn_m1hgl_8\">acci\u00f3n <\/span><span class=\"_fadeIn_m1hgl_8\">solidaria!<\/span><\/p>\n<p><img loading=\"lazy\" decoding=\"async\" class=\"alignnone size-large wp-image-4800\" src=\"http:\/\/www.fundacioiris.org\/wp-content\/uploads\/2025\/05\/Vertical-13-819x1024.png\" alt=\"\" width=\"819\" height=\"1024\" srcset=\"https:\/\/www.fundacioiris.org\/wp-content\/uploads\/2025\/05\/Vertical-13-819x1024.png 819w, https:\/\/www.fundacioiris.org\/wp-content\/uploads\/2025\/05\/Vertical-13-240x300.png 240w, https:\/\/www.fundacioiris.org\/wp-content\/uploads\/2025\/05\/Vertical-13-768x960.png 768w, https:\/\/www.fundacioiris.org\/wp-content\/uploads\/2025\/05\/Vertical-13.png 1080w\" sizes=\"(max-width: 819px) 100vw, 819px\" \/><\/p>\n","protected":false},"excerpt":{"rendered":"<p>Del 29 de mayo al 13 de junio, la Sala grande de Can Comamala (Sant Vicen\u00e7 dels Horts) acoge la exposici\u00f3n solidaria \u201cColors per la Dana\u201d, una iniciativa art\u00edstica y comunitaria impulsada por Fundaci\u00f3 Iris. Esta exposici\u00f3n y venta de cuadros tiene como objetivo apoyar la reconstrucci\u00f3n del taller ocupacional La Torre (Valencia), que result\u00f3<\/p>\n","protected":false},"author":3,"featured_media":4805,"comment_status":"closed","ping_status":"closed","sticky":false,"template":"","format":"standard","meta":{"_acf_changed":false,"footnotes":""},"categories":[26],"tags":[],"acf":[],"yoast_head":"<!-- This site is optimized with the Yoast SEO plugin v24.5 - https:\/\/yoast.com\/wordpress\/plugins\/seo\/ -->\n<title>Exposici\u00f3n solidaria \u201cColors per la Dana\u201d | Fundaci\u00f3 Iris<\/title>\n<meta name=\"description\" content=\"Del 29 de mayo al 13 de junio, la Sala grande de Can Comamala (Sant Vicen\u00e7 dels Horts) acoge la exposici\u00f3n solidaria \u201cColors per la Dana\u201d, una iniciativa\" \/>\n<meta name=\"robots\" content=\"index, follow, max-snippet:-1, max-image-preview:large, max-video-preview:-1\" \/>\n<link rel=\"canonical\" href=\"https:\/\/www.fundacioiris.org\/es\/exposicio-solidaria-colors-per-la-dana\/\" \/>\n<meta property=\"og:locale\" content=\"es_ES\" \/>\n<meta property=\"og:type\" content=\"article\" \/>\n<meta property=\"og:title\" content=\"Exposici\u00f3n solidaria \u201cColors per la Dana\u201d | Fundaci\u00f3 Iris\" \/>\n<meta property=\"og:description\" content=\"Del 29 de mayo al 13 de junio, la Sala grande de Can Comamala (Sant Vicen\u00e7 dels Horts) acoge la exposici\u00f3n solidaria \u201cColors per la Dana\u201d, una iniciativa\" \/>\n<meta property=\"og:url\" content=\"https:\/\/www.fundacioiris.org\/es\/exposicio-solidaria-colors-per-la-dana\/\" \/>\n<meta property=\"og:site_name\" content=\"Fundaci\u00f3 Iris\" \/>\n<meta property=\"article:author\" content=\"https:\/\/www.facebook.com\/fundacioiris\" \/>\n<meta property=\"article:published_time\" content=\"2025-05-13T10:14:08+00:00\" \/>\n<meta property=\"article:modified_time\" content=\"2025-05-13T10:20:38+00:00\" \/>\n<meta property=\"og:image\" content=\"http:\/\/www.fundacioiris.org\/wp-content\/uploads\/2025\/05\/Cartell_Colors_per_la_Dana_WP.png\" \/>\n\t<meta property=\"og:image:width\" content=\"1200\" \/>\n\t<meta property=\"og:image:height\" content=\"628\" \/>\n\t<meta property=\"og:image:type\" content=\"image\/png\" \/>\n<meta name=\"author\" content=\"fundacioiris\" \/>\n<meta name=\"twitter:card\" content=\"summary_large_image\" \/>\n<meta name=\"twitter:label1\" content=\"Escrito por\" \/>\n\t<meta name=\"twitter:data1\" content=\"fundacioiris\" \/>\n\t<meta name=\"twitter:label2\" content=\"Tiempo de lectura\" \/>\n\t<meta name=\"twitter:data2\" content=\"2 minutos\" \/>\n<script type=\"application\/ld+json\" class=\"yoast-schema-graph\">{\"@context\":\"https:\/\/schema.org\",\"@graph\":[{\"@type\":\"WebPage\",\"@id\":\"https:\/\/www.fundacioiris.org\/es\/exposicio-solidaria-colors-per-la-dana\/\",\"url\":\"https:\/\/www.fundacioiris.org\/es\/exposicio-solidaria-colors-per-la-dana\/\",\"name\":\"Exposici\u00f3n solidaria \u201cColors per la Dana\u201d | Fundaci\u00f3 Iris\",\"isPartOf\":{\"@id\":\"https:\/\/www.fundacioiris.org\/es\/#website\"},\"primaryImageOfPage\":{\"@id\":\"https:\/\/www.fundacioiris.org\/es\/exposicio-solidaria-colors-per-la-dana\/#primaryimage\"},\"image\":{\"@id\":\"https:\/\/www.fundacioiris.org\/es\/exposicio-solidaria-colors-per-la-dana\/#primaryimage\"},\"thumbnailUrl\":\"https:\/\/www.fundacioiris.org\/wp-content\/uploads\/2025\/05\/Cartell_Colors_per_la_Dana_WP.png\",\"datePublished\":\"2025-05-13T10:14:08+00:00\",\"dateModified\":\"2025-05-13T10:20:38+00:00\",\"author\":{\"@id\":\"https:\/\/www.fundacioiris.org\/es\/#\/schema\/person\/3424a3bd8939b591fd8b648e56175712\"},\"description\":\"Del 29 de mayo al 13 de junio, la Sala grande de Can Comamala (Sant Vicen\u00e7 dels Horts) acoge la exposici\u00f3n solidaria \u201cColors per la Dana\u201d, una iniciativa\",\"breadcrumb\":{\"@id\":\"https:\/\/www.fundacioiris.org\/es\/exposicio-solidaria-colors-per-la-dana\/#breadcrumb\"},\"inLanguage\":\"es\",\"potentialAction\":[{\"@type\":\"ReadAction\",\"target\":[\"https:\/\/www.fundacioiris.org\/es\/exposicio-solidaria-colors-per-la-dana\/\"]}]},{\"@type\":\"ImageObject\",\"inLanguage\":\"es\",\"@id\":\"https:\/\/www.fundacioiris.org\/es\/exposicio-solidaria-colors-per-la-dana\/#primaryimage\",\"url\":\"https:\/\/www.fundacioiris.org\/wp-content\/uploads\/2025\/05\/Cartell_Colors_per_la_Dana_WP.png\",\"contentUrl\":\"https:\/\/www.fundacioiris.org\/wp-content\/uploads\/2025\/05\/Cartell_Colors_per_la_Dana_WP.png\",\"width\":1200,\"height\":628},{\"@type\":\"BreadcrumbList\",\"@id\":\"https:\/\/www.fundacioiris.org\/es\/exposicio-solidaria-colors-per-la-dana\/#breadcrumb\",\"itemListElement\":[{\"@type\":\"ListItem\",\"position\":1,\"name\":\"Inici\",\"item\":\"https:\/\/www.fundacioiris.org\/es\/\"},{\"@type\":\"ListItem\",\"position\":2,\"name\":\"Exposici\u00f3n solidaria \u201cColors per la Dana\u201d\"}]},{\"@type\":\"WebSite\",\"@id\":\"https:\/\/www.fundacioiris.org\/es\/#website\",\"url\":\"https:\/\/www.fundacioiris.org\/es\/\",\"name\":\"Fundaci\u00f3 Iris\",\"description\":\"Desde 1973 al lado de las personas con discapacidad intelectual\",\"potentialAction\":[{\"@type\":\"SearchAction\",\"target\":{\"@type\":\"EntryPoint\",\"urlTemplate\":\"https:\/\/www.fundacioiris.org\/es\/?s={search_term_string}\"},\"query-input\":{\"@type\":\"PropertyValueSpecification\",\"valueRequired\":true,\"valueName\":\"search_term_string\"}}],\"inLanguage\":\"es\"},{\"@type\":\"Person\",\"@id\":\"https:\/\/www.fundacioiris.org\/es\/#\/schema\/person\/3424a3bd8939b591fd8b648e56175712\",\"name\":\"fundacioiris\",\"image\":{\"@type\":\"ImageObject\",\"inLanguage\":\"es\",\"@id\":\"https:\/\/www.fundacioiris.org\/es\/#\/schema\/person\/image\/\",\"url\":\"https:\/\/secure.gravatar.com\/avatar\/389e9312672899cc87be3bfec5844e8c?s=96&d=mm&r=g\",\"contentUrl\":\"https:\/\/secure.gravatar.com\/avatar\/389e9312672899cc87be3bfec5844e8c?s=96&d=mm&r=g\",\"caption\":\"fundacioiris\"},\"sameAs\":[\"https:\/\/www.facebook.com\/fundacioiris\",\"https:\/\/www.instagram.com\/fundacio_iris\/\",\"https:\/\/www.linkedin.com\/company\/fundaci-privada-iris\/?originalSubdomain=es\"]}]}<\/script>\n<!-- \/ Yoast SEO plugin. -->","yoast_head_json":{"title":"Exposici\u00f3n solidaria \u201cColors per la Dana\u201d | Fundaci\u00f3 Iris","description":"Del 29 de mayo al 13 de junio, la Sala grande de Can Comamala (Sant Vicen\u00e7 dels Horts) acoge la exposici\u00f3n solidaria \u201cColors per la Dana\u201d, una iniciativa","robots":{"index":"index","follow":"follow","max-snippet":"max-snippet:-1","max-image-preview":"max-image-preview:large","max-video-preview":"max-video-preview:-1"},"canonical":"https:\/\/www.fundacioiris.org\/es\/exposicio-solidaria-colors-per-la-dana\/","og_locale":"es_ES","og_type":"article","og_title":"Exposici\u00f3n solidaria \u201cColors per la Dana\u201d | Fundaci\u00f3 Iris","og_description":"Del 29 de mayo al 13 de junio, la Sala grande de Can Comamala (Sant Vicen\u00e7 dels Horts) acoge la exposici\u00f3n solidaria \u201cColors per la Dana\u201d, una iniciativa","og_url":"https:\/\/www.fundacioiris.org\/es\/exposicio-solidaria-colors-per-la-dana\/","og_site_name":"Fundaci\u00f3 Iris","article_author":"https:\/\/www.facebook.com\/fundacioiris","article_published_time":"2025-05-13T10:14:08+00:00","article_modified_time":"2025-05-13T10:20:38+00:00","og_image":[{"width":1200,"height":628,"url":"http:\/\/www.fundacioiris.org\/wp-content\/uploads\/2025\/05\/Cartell_Colors_per_la_Dana_WP.png","type":"image\/png"}],"author":"fundacioiris","twitter_card":"summary_large_image","twitter_misc":{"Escrito por":"fundacioiris","Tiempo de lectura":"2 minutos"},"schema":{"@context":"https:\/\/schema.org","@graph":[{"@type":"WebPage","@id":"https:\/\/www.fundacioiris.org\/es\/exposicio-solidaria-colors-per-la-dana\/","url":"https:\/\/www.fundacioiris.org\/es\/exposicio-solidaria-colors-per-la-dana\/","name":"Exposici\u00f3n solidaria \u201cColors per la Dana\u201d | Fundaci\u00f3 Iris","isPartOf":{"@id":"https:\/\/www.fundacioiris.org\/es\/#website"},"primaryImageOfPage":{"@id":"https:\/\/www.fundacioiris.org\/es\/exposicio-solidaria-colors-per-la-dana\/#primaryimage"},"image":{"@id":"https:\/\/www.fundacioiris.org\/es\/exposicio-solidaria-colors-per-la-dana\/#primaryimage"},"thumbnailUrl":"https:\/\/www.fundacioiris.org\/wp-content\/uploads\/2025\/05\/Cartell_Colors_per_la_Dana_WP.png","datePublished":"2025-05-13T10:14:08+00:00","dateModified":"2025-05-13T10:20:38+00:00","author":{"@id":"https:\/\/www.fundacioiris.org\/es\/#\/schema\/person\/3424a3bd8939b591fd8b648e56175712"},"description":"Del 29 de mayo al 13 de junio, la Sala grande de Can Comamala (Sant Vicen\u00e7 dels Horts) acoge la exposici\u00f3n solidaria \u201cColors per la Dana\u201d, una iniciativa","breadcrumb":{"@id":"https:\/\/www.fundacioiris.org\/es\/exposicio-solidaria-colors-per-la-dana\/#breadcrumb"},"inLanguage":"es","potentialAction":[{"@type":"ReadAction","target":["https:\/\/www.fundacioiris.org\/es\/exposicio-solidaria-colors-per-la-dana\/"]}]},{"@type":"ImageObject","inLanguage":"es","@id":"https:\/\/www.fundacioiris.org\/es\/exposicio-solidaria-colors-per-la-dana\/#primaryimage","url":"https:\/\/www.fundacioiris.org\/wp-content\/uploads\/2025\/05\/Cartell_Colors_per_la_Dana_WP.png","contentUrl":"https:\/\/www.fundacioiris.org\/wp-content\/uploads\/2025\/05\/Cartell_Colors_per_la_Dana_WP.png","width":1200,"height":628},{"@type":"BreadcrumbList","@id":"https:\/\/www.fundacioiris.org\/es\/exposicio-solidaria-colors-per-la-dana\/#breadcrumb","itemListElement":[{"@type":"ListItem","position":1,"name":"Inici","item":"https:\/\/www.fundacioiris.org\/es\/"},{"@type":"ListItem","position":2,"name":"Exposici\u00f3n solidaria \u201cColors per la Dana\u201d"}]},{"@type":"WebSite","@id":"https:\/\/www.fundacioiris.org\/es\/#website","url":"https:\/\/www.fundacioiris.org\/es\/","name":"Fundaci\u00f3 Iris","description":"Desde 1973 al lado de las personas con discapacidad intelectual","potentialAction":[{"@type":"SearchAction","target":{"@type":"EntryPoint","urlTemplate":"https:\/\/www.fundacioiris.org\/es\/?s={search_term_string}"},"query-input":{"@type":"PropertyValueSpecification","valueRequired":true,"valueName":"search_term_string"}}],"inLanguage":"es"},{"@type":"Person","@id":"https:\/\/www.fundacioiris.org\/es\/#\/schema\/person\/3424a3bd8939b591fd8b648e56175712","name":"fundacioiris","image":{"@type":"ImageObject","inLanguage":"es","@id":"https:\/\/www.fundacioiris.org\/es\/#\/schema\/person\/image\/","url":"https:\/\/secure.gravatar.com\/avatar\/389e9312672899cc87be3bfec5844e8c?s=96&d=mm&r=g","contentUrl":"https:\/\/secure.gravatar.com\/avatar\/389e9312672899cc87be3bfec5844e8c?s=96&d=mm&r=g","caption":"fundacioiris"},"sameAs":["https:\/\/www.facebook.com\/fundacioiris","https:\/\/www.instagram.com\/fundacio_iris\/","https:\/\/www.linkedin.com\/company\/fundaci-privada-iris\/?originalSubdomain=es"]}]}},"_links":{"self":[{"href":"https:\/\/www.fundacioiris.org\/es\/wp-json\/wp\/v2\/posts\/4799"}],"collection":[{"href":"https:\/\/www.fundacioiris.org\/es\/wp-json\/wp\/v2\/posts"}],"about":[{"href":"https:\/\/www.fundacioiris.org\/es\/wp-json\/wp\/v2\/types\/post"}],"author":[{"embeddable":true,"href":"https:\/\/www.fundacioiris.org\/es\/wp-json\/wp\/v2\/users\/3"}],"replies":[{"embeddable":true,"href":"https:\/\/www.fundacioiris.org\/es\/wp-json\/wp\/v2\/comments?post=4799"}],"version-history":[{"count":4,"href":"https:\/\/www.fundacioiris.org\/es\/wp-json\/wp\/v2\/posts\/4799\/revisions"}],"predecessor-version":[{"id":4810,"href":"https:\/\/www.fundacioiris.org\/es\/wp-json\/wp\/v2\/posts\/4799\/revisions\/4810"}],"wp:featuredmedia":[{"embeddable":true,"href":"https:\/\/www.fundacioiris.org\/es\/wp-json\/wp\/v2\/media\/4805"}],"wp:attachment":[{"href":"https:\/\/www.fundacioiris.org\/es\/wp-json\/wp\/v2\/media?parent=4799"}],"wp:term":[{"taxonomy":"category","embeddable":true,"href":"https:\/\/www.fundacioiris.org\/es\/wp-json\/wp\/v2\/categories?post=4799"},{"taxonomy":"post_tag","embeddable":true,"href":"https:\/\/www.fundacioiris.org\/es\/wp-json\/wp\/v2\/tags?post=4799"}],"curies":[{"name":"wp","href":"https:\/\/api.w.org\/{rel}","templated":true}]}}