{"id":3958,"date":"2024-03-07T10:55:18","date_gmt":"2024-03-07T08:55:18","guid":{"rendered":"https:\/\/www.fundacioiris.org\/?p=3958"},"modified":"2024-03-07T10:55:18","modified_gmt":"2024-03-07T08:55:18","slug":"voluntariat-a-la-caminada-solidaria-24","status":"publish","type":"post","link":"https:\/\/www.fundacioiris.org\/es\/voluntariat-a-la-caminada-solidaria-24\/","title":{"rendered":"Voluntariat a la Caminada Solid\u00e0ria &#8217;24"},"content":{"rendered":"<p><strong>11 participantes, 75\u20ac recaudados y una experiencia divertida y enriquecedora<\/strong>. Este es el resultado de nuestra colaboraci\u00f3n con la Caminata Solidaria por la investigaci\u00f3n del c\u00e1ncer infantil que organiza la entidad Temps de Lleure de Sant Vicen\u00e7.<\/p>\n<p>El domingo 3 de marzo organizamos, por 3\u00aa vez, una jornada de voluntariado con las personas usuarias y trabajadoras de la entidad. Ni siquiera la lluvia fue un impedimento para ir a colaborar.<\/p>\n<p>Nuestra tarea consisti\u00f3 en ayudar a la organizaci\u00f3n en los diferentes estands: <strong>repartir chocolate, colaborar en las actividades infantiles, colgar huchas y carteles informativos por el Parque del Mamut<\/strong>,\u00a0 etc.<\/p>\n<p><img loading=\"lazy\" decoding=\"async\" class=\"alignnone wp-image-3946\" src=\"https:\/\/www.fundacioiris.org\/wp-content\/uploads\/2024\/03\/226-300x225.jpg\" alt=\"\" width=\"366\" height=\"274\" srcset=\"https:\/\/www.fundacioiris.org\/wp-content\/uploads\/2024\/03\/226-300x225.jpg 300w, https:\/\/www.fundacioiris.org\/wp-content\/uploads\/2024\/03\/226-1024x768.jpg 1024w, https:\/\/www.fundacioiris.org\/wp-content\/uploads\/2024\/03\/226-768x576.jpg 768w, https:\/\/www.fundacioiris.org\/wp-content\/uploads\/2024\/03\/226-1536x1152.jpg 1536w, https:\/\/www.fundacioiris.org\/wp-content\/uploads\/2024\/03\/226-640x480.jpg 640w, https:\/\/www.fundacioiris.org\/wp-content\/uploads\/2024\/03\/226.jpg 1600w\" sizes=\"(max-width: 366px) 100vw, 366px\" \/> <img loading=\"lazy\" decoding=\"async\" class=\"alignnone wp-image-3944\" src=\"https:\/\/www.fundacioiris.org\/wp-content\/uploads\/2024\/03\/225-300x225.jpg\" alt=\"\" width=\"364\" height=\"273\" srcset=\"https:\/\/www.fundacioiris.org\/wp-content\/uploads\/2024\/03\/225-300x225.jpg 300w, https:\/\/www.fundacioiris.org\/wp-content\/uploads\/2024\/03\/225-1024x768.jpg 1024w, https:\/\/www.fundacioiris.org\/wp-content\/uploads\/2024\/03\/225-768x576.jpg 768w, https:\/\/www.fundacioiris.org\/wp-content\/uploads\/2024\/03\/225-1536x1152.jpg 1536w, https:\/\/www.fundacioiris.org\/wp-content\/uploads\/2024\/03\/225-640x480.jpg 640w, https:\/\/www.fundacioiris.org\/wp-content\/uploads\/2024\/03\/225.jpg 1600w\" sizes=\"(max-width: 364px) 100vw, 364px\" \/><\/p>\n<p><img loading=\"lazy\" decoding=\"async\" class=\"alignnone wp-image-3942\" src=\"https:\/\/www.fundacioiris.org\/wp-content\/uploads\/2024\/03\/224-300x225.jpg\" alt=\"\" width=\"365\" height=\"274\" srcset=\"https:\/\/www.fundacioiris.org\/wp-content\/uploads\/2024\/03\/224-300x225.jpg 300w, https:\/\/www.fundacioiris.org\/wp-content\/uploads\/2024\/03\/224-1024x768.jpg 1024w, https:\/\/www.fundacioiris.org\/wp-content\/uploads\/2024\/03\/224-768x576.jpg 768w, https:\/\/www.fundacioiris.org\/wp-content\/uploads\/2024\/03\/224-1536x1152.jpg 1536w, https:\/\/www.fundacioiris.org\/wp-content\/uploads\/2024\/03\/224-640x480.jpg 640w, https:\/\/www.fundacioiris.org\/wp-content\/uploads\/2024\/03\/224.jpg 1600w\" sizes=\"(max-width: 365px) 100vw, 365px\" \/>\u00a0<img loading=\"lazy\" decoding=\"async\" class=\"alignnone wp-image-3938\" src=\"https:\/\/www.fundacioiris.org\/wp-content\/uploads\/2024\/03\/222-300x225.jpg\" alt=\"\" width=\"363\" height=\"272\" srcset=\"https:\/\/www.fundacioiris.org\/wp-content\/uploads\/2024\/03\/222-300x225.jpg 300w, https:\/\/www.fundacioiris.org\/wp-content\/uploads\/2024\/03\/222-1024x768.jpg 1024w, https:\/\/www.fundacioiris.org\/wp-content\/uploads\/2024\/03\/222-768x576.jpg 768w, https:\/\/www.fundacioiris.org\/wp-content\/uploads\/2024\/03\/222-1536x1152.jpg 1536w, https:\/\/www.fundacioiris.org\/wp-content\/uploads\/2024\/03\/222-640x480.jpg 640w, https:\/\/www.fundacioiris.org\/wp-content\/uploads\/2024\/03\/222.jpg 1600w\" sizes=\"(max-width: 363px) 100vw, 363px\" \/><\/p>\n<p>La preparaci\u00f3n previa y la acogida recibida por parte de la entidad Temps de Lleure fue genial y nos anima a participar otros a\u00f1os. <strong>La valoraci\u00f3n de los participantes es m\u00e1s que positiva y es el motivo por el cual merece la pena impulsar iniciativas parecidas.<\/strong><\/p>\n<p>Queremos agradecer tambi\u00e9n la participaci\u00f3n de 3 personas voluntarias de nuestra entidad, Marta, Ra\u00fal y Joel, que ayudaron a dinamizar la ma\u00f1ana. Hicimos muy buen equipo!<\/p>\n<p><img loading=\"lazy\" decoding=\"async\" class=\"alignnone wp-image-3936\" src=\"https:\/\/www.fundacioiris.org\/wp-content\/uploads\/2024\/03\/221-300x225.jpg\" alt=\"\" width=\"363\" height=\"272\" srcset=\"https:\/\/www.fundacioiris.org\/wp-content\/uploads\/2024\/03\/221-300x225.jpg 300w, https:\/\/www.fundacioiris.org\/wp-content\/uploads\/2024\/03\/221-1024x768.jpg 1024w, https:\/\/www.fundacioiris.org\/wp-content\/uploads\/2024\/03\/221-768x576.jpg 768w, https:\/\/www.fundacioiris.org\/wp-content\/uploads\/2024\/03\/221-1536x1152.jpg 1536w, https:\/\/www.fundacioiris.org\/wp-content\/uploads\/2024\/03\/221-640x480.jpg 640w, https:\/\/www.fundacioiris.org\/wp-content\/uploads\/2024\/03\/221.jpg 1600w\" sizes=\"(max-width: 363px) 100vw, 363px\" \/> <img loading=\"lazy\" decoding=\"async\" class=\"alignnone wp-image-3934\" src=\"https:\/\/www.fundacioiris.org\/wp-content\/uploads\/2024\/03\/220-300x225.jpg\" alt=\"\" width=\"364\" height=\"273\" srcset=\"https:\/\/www.fundacioiris.org\/wp-content\/uploads\/2024\/03\/220-300x225.jpg 300w, https:\/\/www.fundacioiris.org\/wp-content\/uploads\/2024\/03\/220-1024x768.jpg 1024w, https:\/\/www.fundacioiris.org\/wp-content\/uploads\/2024\/03\/220-768x576.jpg 768w, https:\/\/www.fundacioiris.org\/wp-content\/uploads\/2024\/03\/220-1536x1152.jpg 1536w, https:\/\/www.fundacioiris.org\/wp-content\/uploads\/2024\/03\/220-640x480.jpg 640w, https:\/\/www.fundacioiris.org\/wp-content\/uploads\/2024\/03\/220.jpg 1600w\" sizes=\"(max-width: 364px) 100vw, 364px\" \/><\/p>\n<p><img loading=\"lazy\" decoding=\"async\" class=\"alignnone wp-image-3932\" src=\"https:\/\/www.fundacioiris.org\/wp-content\/uploads\/2024\/03\/219-300x225.jpg\" alt=\"\" width=\"362\" height=\"272\" srcset=\"https:\/\/www.fundacioiris.org\/wp-content\/uploads\/2024\/03\/219-300x225.jpg 300w, https:\/\/www.fundacioiris.org\/wp-content\/uploads\/2024\/03\/219-1024x768.jpg 1024w, https:\/\/www.fundacioiris.org\/wp-content\/uploads\/2024\/03\/219-768x576.jpg 768w, https:\/\/www.fundacioiris.org\/wp-content\/uploads\/2024\/03\/219-1536x1152.jpg 1536w, https:\/\/www.fundacioiris.org\/wp-content\/uploads\/2024\/03\/219-640x480.jpg 640w, https:\/\/www.fundacioiris.org\/wp-content\/uploads\/2024\/03\/219.jpg 1600w\" sizes=\"(max-width: 362px) 100vw, 362px\" \/>\u00a0<img loading=\"lazy\" decoding=\"async\" class=\"alignnone wp-image-3928\" src=\"https:\/\/www.fundacioiris.org\/wp-content\/uploads\/2024\/03\/217-300x225.jpg\" alt=\"\" width=\"364\" height=\"273\" srcset=\"https:\/\/www.fundacioiris.org\/wp-content\/uploads\/2024\/03\/217-300x225.jpg 300w, https:\/\/www.fundacioiris.org\/wp-content\/uploads\/2024\/03\/217-1024x768.jpg 1024w, https:\/\/www.fundacioiris.org\/wp-content\/uploads\/2024\/03\/217-768x576.jpg 768w, https:\/\/www.fundacioiris.org\/wp-content\/uploads\/2024\/03\/217-1536x1152.jpg 1536w, https:\/\/www.fundacioiris.org\/wp-content\/uploads\/2024\/03\/217-640x480.jpg 640w, https:\/\/www.fundacioiris.org\/wp-content\/uploads\/2024\/03\/217.jpg 1600w\" sizes=\"(max-width: 364px) 100vw, 364px\" \/><\/p>\n<p><img loading=\"lazy\" decoding=\"async\" class=\"alignnone wp-image-3924\" src=\"https:\/\/www.fundacioiris.org\/wp-content\/uploads\/2024\/03\/215-300x225.jpg\" alt=\"\" width=\"360\" height=\"270\" srcset=\"https:\/\/www.fundacioiris.org\/wp-content\/uploads\/2024\/03\/215-300x225.jpg 300w, https:\/\/www.fundacioiris.org\/wp-content\/uploads\/2024\/03\/215-1024x768.jpg 1024w, https:\/\/www.fundacioiris.org\/wp-content\/uploads\/2024\/03\/215-768x576.jpg 768w, https:\/\/www.fundacioiris.org\/wp-content\/uploads\/2024\/03\/215-1536x1152.jpg 1536w, https:\/\/www.fundacioiris.org\/wp-content\/uploads\/2024\/03\/215-640x480.jpg 640w, https:\/\/www.fundacioiris.org\/wp-content\/uploads\/2024\/03\/215.jpg 1600w\" sizes=\"(max-width: 360px) 100vw, 360px\" \/> <img loading=\"lazy\" decoding=\"async\" class=\"alignnone wp-image-3926\" src=\"https:\/\/www.fundacioiris.org\/wp-content\/uploads\/2024\/03\/216-300x225.jpg\" alt=\"\" width=\"360\" height=\"270\" srcset=\"https:\/\/www.fundacioiris.org\/wp-content\/uploads\/2024\/03\/216-300x225.jpg 300w, https:\/\/www.fundacioiris.org\/wp-content\/uploads\/2024\/03\/216-1024x768.jpg 1024w, https:\/\/www.fundacioiris.org\/wp-content\/uploads\/2024\/03\/216-768x576.jpg 768w, https:\/\/www.fundacioiris.org\/wp-content\/uploads\/2024\/03\/216-1536x1152.jpg 1536w, https:\/\/www.fundacioiris.org\/wp-content\/uploads\/2024\/03\/216-640x480.jpg 640w, https:\/\/www.fundacioiris.org\/wp-content\/uploads\/2024\/03\/216.jpg 1600w\" sizes=\"(max-width: 360px) 100vw, 360px\" \/><\/p>\n<p>Hist\u00f3ricamente, las personas con discapacidad han sido objeto de asistencia, en lugar de participantes activos de la sociedad. Actividades como esta normalizan su participaci\u00f3n en la comunidad y permiten ver cu\u00e1ntas cosas pueden aportar.<\/p>\n<p>\u00a1Repetiremos!<\/p>\n<p><img loading=\"lazy\" decoding=\"async\" class=\"alignnone wp-image-3930\" src=\"https:\/\/www.fundacioiris.org\/wp-content\/uploads\/2024\/03\/218-300x225.jpg\" alt=\"\" width=\"632\" height=\"474\" srcset=\"https:\/\/www.fundacioiris.org\/wp-content\/uploads\/2024\/03\/218-300x225.jpg 300w, https:\/\/www.fundacioiris.org\/wp-content\/uploads\/2024\/03\/218-1024x768.jpg 1024w, https:\/\/www.fundacioiris.org\/wp-content\/uploads\/2024\/03\/218-768x576.jpg 768w, https:\/\/www.fundacioiris.org\/wp-content\/uploads\/2024\/03\/218-1536x1152.jpg 1536w, https:\/\/www.fundacioiris.org\/wp-content\/uploads\/2024\/03\/218-640x480.jpg 640w, https:\/\/www.fundacioiris.org\/wp-content\/uploads\/2024\/03\/218.jpg 1600w\" sizes=\"(max-width: 632px) 100vw, 632px\" \/><\/p>\n<p>&nbsp;<\/p>\n","protected":false},"excerpt":{"rendered":"<p>11 participantes, 75\u20ac recaudados y una experiencia divertida y enriquecedora. Este es el resultado de nuestra colaboraci\u00f3n con la Caminata Solidaria por la investigaci\u00f3n del c\u00e1ncer infantil que organiza la entidad Temps de Lleure de Sant Vicen\u00e7. El domingo 3 de marzo organizamos, por 3\u00aa vez, una jornada de voluntariado con las personas usuarias y<\/p>\n","protected":false},"author":3,"featured_media":3941,"comment_status":"closed","ping_status":"closed","sticky":false,"template":"","format":"standard","meta":{"_acf_changed":false,"footnotes":""},"categories":[26],"tags":[],"acf":[],"yoast_head":"<!-- This site is optimized with the Yoast SEO plugin v24.5 - https:\/\/yoast.com\/wordpress\/plugins\/seo\/ -->\n<title>Voluntariat a la Caminada Solid\u00e0ria &#039;24 | Fundaci\u00f3 Iris<\/title>\n<meta name=\"description\" content=\"11 participantes, 75\u20ac recaudados y una experiencia divertida y enriquecedora. Este es el resultado de nuestra colaboraci\u00f3n con la Caminata Solidaria por\" \/>\n<meta name=\"robots\" content=\"index, follow, max-snippet:-1, max-image-preview:large, max-video-preview:-1\" \/>\n<link rel=\"canonical\" href=\"https:\/\/www.fundacioiris.org\/voluntariat-a-la-caminada-solidaria-24\/\" \/>\n<meta property=\"og:locale\" content=\"es_ES\" \/>\n<meta property=\"og:type\" content=\"article\" \/>\n<meta property=\"og:title\" content=\"Voluntariat a la Caminada Solid\u00e0ria &#039;24 | Fundaci\u00f3 Iris\" \/>\n<meta property=\"og:description\" content=\"11 participantes, 75\u20ac recaudados y una experiencia divertida y enriquecedora. Este es el resultado de nuestra colaboraci\u00f3n con la Caminata Solidaria por\" \/>\n<meta property=\"og:url\" content=\"https:\/\/www.fundacioiris.org\/voluntariat-a-la-caminada-solidaria-24\/\" \/>\n<meta property=\"og:site_name\" content=\"Fundaci\u00f3 Iris\" \/>\n<meta property=\"article:author\" content=\"https:\/\/www.facebook.com\/fundacioiris\" \/>\n<meta property=\"article:published_time\" content=\"2024-03-07T08:55:18+00:00\" \/>\n<meta property=\"og:image\" content=\"https:\/\/www.fundacioiris.org\/wp-content\/uploads\/2024\/03\/223.jpg\" \/>\n\t<meta property=\"og:image:width\" content=\"1600\" \/>\n\t<meta property=\"og:image:height\" content=\"1200\" \/>\n\t<meta property=\"og:image:type\" content=\"image\/jpeg\" \/>\n<meta name=\"author\" content=\"fundacioiris\" \/>\n<meta name=\"twitter:card\" content=\"summary_large_image\" \/>\n<meta name=\"twitter:label1\" content=\"Escrito por\" \/>\n\t<meta name=\"twitter:data1\" content=\"fundacioiris\" \/>\n\t<meta name=\"twitter:label2\" content=\"Tiempo de lectura\" \/>\n\t<meta name=\"twitter:data2\" content=\"4 minutos\" \/>\n<script type=\"application\/ld+json\" class=\"yoast-schema-graph\">{\"@context\":\"https:\/\/schema.org\",\"@graph\":[{\"@type\":\"WebPage\",\"@id\":\"https:\/\/www.fundacioiris.org\/voluntariat-a-la-caminada-solidaria-24\/\",\"url\":\"https:\/\/www.fundacioiris.org\/voluntariat-a-la-caminada-solidaria-24\/\",\"name\":\"Voluntariat a la Caminada Solid\u00e0ria '24 | Fundaci\u00f3 Iris\",\"isPartOf\":{\"@id\":\"https:\/\/www.fundacioiris.org\/es\/#website\"},\"primaryImageOfPage\":{\"@id\":\"https:\/\/www.fundacioiris.org\/voluntariat-a-la-caminada-solidaria-24\/#primaryimage\"},\"image\":{\"@id\":\"https:\/\/www.fundacioiris.org\/voluntariat-a-la-caminada-solidaria-24\/#primaryimage\"},\"thumbnailUrl\":\"https:\/\/www.fundacioiris.org\/wp-content\/uploads\/2024\/03\/223.jpg\",\"datePublished\":\"2024-03-07T08:55:18+00:00\",\"author\":{\"@id\":\"https:\/\/www.fundacioiris.org\/es\/#\/schema\/person\/3424a3bd8939b591fd8b648e56175712\"},\"description\":\"11 participantes, 75\u20ac recaudados y una experiencia divertida y enriquecedora. Este es el resultado de nuestra colaboraci\u00f3n con la Caminata Solidaria por\",\"breadcrumb\":{\"@id\":\"https:\/\/www.fundacioiris.org\/voluntariat-a-la-caminada-solidaria-24\/#breadcrumb\"},\"inLanguage\":\"es\",\"potentialAction\":[{\"@type\":\"ReadAction\",\"target\":[\"https:\/\/www.fundacioiris.org\/voluntariat-a-la-caminada-solidaria-24\/\"]}]},{\"@type\":\"ImageObject\",\"inLanguage\":\"es\",\"@id\":\"https:\/\/www.fundacioiris.org\/voluntariat-a-la-caminada-solidaria-24\/#primaryimage\",\"url\":\"https:\/\/www.fundacioiris.org\/wp-content\/uploads\/2024\/03\/223.jpg\",\"contentUrl\":\"https:\/\/www.fundacioiris.org\/wp-content\/uploads\/2024\/03\/223.jpg\",\"width\":1600,\"height\":1200},{\"@type\":\"BreadcrumbList\",\"@id\":\"https:\/\/www.fundacioiris.org\/voluntariat-a-la-caminada-solidaria-24\/#breadcrumb\",\"itemListElement\":[{\"@type\":\"ListItem\",\"position\":1,\"name\":\"Inici\",\"item\":\"https:\/\/www.fundacioiris.org\/es\/\"},{\"@type\":\"ListItem\",\"position\":2,\"name\":\"Voluntariat a la Caminada Solid\u00e0ria &#8217;24\"}]},{\"@type\":\"WebSite\",\"@id\":\"https:\/\/www.fundacioiris.org\/es\/#website\",\"url\":\"https:\/\/www.fundacioiris.org\/es\/\",\"name\":\"Fundaci\u00f3 Iris\",\"description\":\"Desde 1973 al lado de las personas con discapacidad intelectual\",\"potentialAction\":[{\"@type\":\"SearchAction\",\"target\":{\"@type\":\"EntryPoint\",\"urlTemplate\":\"https:\/\/www.fundacioiris.org\/es\/?s={search_term_string}\"},\"query-input\":{\"@type\":\"PropertyValueSpecification\",\"valueRequired\":true,\"valueName\":\"search_term_string\"}}],\"inLanguage\":\"es\"},{\"@type\":\"Person\",\"@id\":\"https:\/\/www.fundacioiris.org\/es\/#\/schema\/person\/3424a3bd8939b591fd8b648e56175712\",\"name\":\"fundacioiris\",\"image\":{\"@type\":\"ImageObject\",\"inLanguage\":\"es\",\"@id\":\"https:\/\/www.fundacioiris.org\/es\/#\/schema\/person\/image\/\",\"url\":\"https:\/\/secure.gravatar.com\/avatar\/389e9312672899cc87be3bfec5844e8c?s=96&d=mm&r=g\",\"contentUrl\":\"https:\/\/secure.gravatar.com\/avatar\/389e9312672899cc87be3bfec5844e8c?s=96&d=mm&r=g\",\"caption\":\"fundacioiris\"},\"sameAs\":[\"https:\/\/www.facebook.com\/fundacioiris\",\"https:\/\/www.instagram.com\/fundacio_iris\/\",\"https:\/\/www.linkedin.com\/company\/fundaci-privada-iris\/?originalSubdomain=es\"]}]}<\/script>\n<!-- \/ Yoast SEO plugin. -->","yoast_head_json":{"title":"Voluntariat a la Caminada Solid\u00e0ria '24 | Fundaci\u00f3 Iris","description":"11 participantes, 75\u20ac recaudados y una experiencia divertida y enriquecedora. Este es el resultado de nuestra colaboraci\u00f3n con la Caminata Solidaria por","robots":{"index":"index","follow":"follow","max-snippet":"max-snippet:-1","max-image-preview":"max-image-preview:large","max-video-preview":"max-video-preview:-1"},"canonical":"https:\/\/www.fundacioiris.org\/voluntariat-a-la-caminada-solidaria-24\/","og_locale":"es_ES","og_type":"article","og_title":"Voluntariat a la Caminada Solid\u00e0ria '24 | Fundaci\u00f3 Iris","og_description":"11 participantes, 75\u20ac recaudados y una experiencia divertida y enriquecedora. Este es el resultado de nuestra colaboraci\u00f3n con la Caminata Solidaria por","og_url":"https:\/\/www.fundacioiris.org\/voluntariat-a-la-caminada-solidaria-24\/","og_site_name":"Fundaci\u00f3 Iris","article_author":"https:\/\/www.facebook.com\/fundacioiris","article_published_time":"2024-03-07T08:55:18+00:00","og_image":[{"width":1600,"height":1200,"url":"https:\/\/www.fundacioiris.org\/wp-content\/uploads\/2024\/03\/223.jpg","type":"image\/jpeg"}],"author":"fundacioiris","twitter_card":"summary_large_image","twitter_misc":{"Escrito por":"fundacioiris","Tiempo de lectura":"4 minutos"},"schema":{"@context":"https:\/\/schema.org","@graph":[{"@type":"WebPage","@id":"https:\/\/www.fundacioiris.org\/voluntariat-a-la-caminada-solidaria-24\/","url":"https:\/\/www.fundacioiris.org\/voluntariat-a-la-caminada-solidaria-24\/","name":"Voluntariat a la Caminada Solid\u00e0ria '24 | Fundaci\u00f3 Iris","isPartOf":{"@id":"https:\/\/www.fundacioiris.org\/es\/#website"},"primaryImageOfPage":{"@id":"https:\/\/www.fundacioiris.org\/voluntariat-a-la-caminada-solidaria-24\/#primaryimage"},"image":{"@id":"https:\/\/www.fundacioiris.org\/voluntariat-a-la-caminada-solidaria-24\/#primaryimage"},"thumbnailUrl":"https:\/\/www.fundacioiris.org\/wp-content\/uploads\/2024\/03\/223.jpg","datePublished":"2024-03-07T08:55:18+00:00","author":{"@id":"https:\/\/www.fundacioiris.org\/es\/#\/schema\/person\/3424a3bd8939b591fd8b648e56175712"},"description":"11 participantes, 75\u20ac recaudados y una experiencia divertida y enriquecedora. Este es el resultado de nuestra colaboraci\u00f3n con la Caminata Solidaria por","breadcrumb":{"@id":"https:\/\/www.fundacioiris.org\/voluntariat-a-la-caminada-solidaria-24\/#breadcrumb"},"inLanguage":"es","potentialAction":[{"@type":"ReadAction","target":["https:\/\/www.fundacioiris.org\/voluntariat-a-la-caminada-solidaria-24\/"]}]},{"@type":"ImageObject","inLanguage":"es","@id":"https:\/\/www.fundacioiris.org\/voluntariat-a-la-caminada-solidaria-24\/#primaryimage","url":"https:\/\/www.fundacioiris.org\/wp-content\/uploads\/2024\/03\/223.jpg","contentUrl":"https:\/\/www.fundacioiris.org\/wp-content\/uploads\/2024\/03\/223.jpg","width":1600,"height":1200},{"@type":"BreadcrumbList","@id":"https:\/\/www.fundacioiris.org\/voluntariat-a-la-caminada-solidaria-24\/#breadcrumb","itemListElement":[{"@type":"ListItem","position":1,"name":"Inici","item":"https:\/\/www.fundacioiris.org\/es\/"},{"@type":"ListItem","position":2,"name":"Voluntariat a la Caminada Solid\u00e0ria &#8217;24"}]},{"@type":"WebSite","@id":"https:\/\/www.fundacioiris.org\/es\/#website","url":"https:\/\/www.fundacioiris.org\/es\/","name":"Fundaci\u00f3 Iris","description":"Desde 1973 al lado de las personas con discapacidad intelectual","potentialAction":[{"@type":"SearchAction","target":{"@type":"EntryPoint","urlTemplate":"https:\/\/www.fundacioiris.org\/es\/?s={search_term_string}"},"query-input":{"@type":"PropertyValueSpecification","valueRequired":true,"valueName":"search_term_string"}}],"inLanguage":"es"},{"@type":"Person","@id":"https:\/\/www.fundacioiris.org\/es\/#\/schema\/person\/3424a3bd8939b591fd8b648e56175712","name":"fundacioiris","image":{"@type":"ImageObject","inLanguage":"es","@id":"https:\/\/www.fundacioiris.org\/es\/#\/schema\/person\/image\/","url":"https:\/\/secure.gravatar.com\/avatar\/389e9312672899cc87be3bfec5844e8c?s=96&d=mm&r=g","contentUrl":"https:\/\/secure.gravatar.com\/avatar\/389e9312672899cc87be3bfec5844e8c?s=96&d=mm&r=g","caption":"fundacioiris"},"sameAs":["https:\/\/www.facebook.com\/fundacioiris","https:\/\/www.instagram.com\/fundacio_iris\/","https:\/\/www.linkedin.com\/company\/fundaci-privada-iris\/?originalSubdomain=es"]}]}},"_links":{"self":[{"href":"https:\/\/www.fundacioiris.org\/es\/wp-json\/wp\/v2\/posts\/3958"}],"collection":[{"href":"https:\/\/www.fundacioiris.org\/es\/wp-json\/wp\/v2\/posts"}],"about":[{"href":"https:\/\/www.fundacioiris.org\/es\/wp-json\/wp\/v2\/types\/post"}],"author":[{"embeddable":true,"href":"https:\/\/www.fundacioiris.org\/es\/wp-json\/wp\/v2\/users\/3"}],"replies":[{"embeddable":true,"href":"https:\/\/www.fundacioiris.org\/es\/wp-json\/wp\/v2\/comments?post=3958"}],"version-history":[{"count":1,"href":"https:\/\/www.fundacioiris.org\/es\/wp-json\/wp\/v2\/posts\/3958\/revisions"}],"predecessor-version":[{"id":3959,"href":"https:\/\/www.fundacioiris.org\/es\/wp-json\/wp\/v2\/posts\/3958\/revisions\/3959"}],"wp:featuredmedia":[{"embeddable":true,"href":"https:\/\/www.fundacioiris.org\/es\/wp-json\/wp\/v2\/media\/3941"}],"wp:attachment":[{"href":"https:\/\/www.fundacioiris.org\/es\/wp-json\/wp\/v2\/media?parent=3958"}],"wp:term":[{"taxonomy":"category","embeddable":true,"href":"https:\/\/www.fundacioiris.org\/es\/wp-json\/wp\/v2\/categories?post=3958"},{"taxonomy":"post_tag","embeddable":true,"href":"https:\/\/www.fundacioiris.org\/es\/wp-json\/wp\/v2\/tags?post=3958"}],"curies":[{"name":"wp","href":"https:\/\/api.w.org\/{rel}","templated":true}]}}