{"id":3104,"date":"2020-06-23T13:47:42","date_gmt":"2020-06-23T11:47:42","guid":{"rendered":"https:\/\/www.fundacioiris.org\/?p=3104"},"modified":"2020-06-23T13:48:25","modified_gmt":"2020-06-23T11:48:25","slug":"plan-de-apertura-del-taller-ocupacional","status":"publish","type":"post","link":"https:\/\/www.fundacioiris.org\/es\/plan-de-apertura-del-taller-ocupacional\/","title":{"rendered":"Plan de apertura del Taller Ocupacional"},"content":{"rendered":"<p>El lunes 29 de junio el taller abre sus puertas despu\u00e9s de 3 meses sin servicio presencial.<\/p>\n<p>Os dejamos el <strong>Plan de apertura del centro<\/strong> y un <strong>v\u00eddeo<\/strong> donde explicamos qu\u00e9 medidas tomaremos y cu\u00e1l ser\u00e1 el nuevo funcionamiento durante el mes de julio.<\/p>\n<p>&nbsp;<\/p>\n<p><img loading=\"lazy\" decoding=\"async\" class=\"wp-image-3098 aligncenter\" src=\"https:\/\/www.fundacioiris.org\/wp-content\/uploads\/2020\/06\/PLA-OBERTURA-CO_page-0001-120x300.jpg\" alt=\"\" width=\"449\" height=\"1123\" srcset=\"https:\/\/www.fundacioiris.org\/wp-content\/uploads\/2020\/06\/PLA-OBERTURA-CO_page-0001-120x300.jpg 120w, https:\/\/www.fundacioiris.org\/wp-content\/uploads\/2020\/06\/PLA-OBERTURA-CO_page-0001-410x1024.jpg 410w, https:\/\/www.fundacioiris.org\/wp-content\/uploads\/2020\/06\/PLA-OBERTURA-CO_page-0001-768x1920.jpg 768w, https:\/\/www.fundacioiris.org\/wp-content\/uploads\/2020\/06\/PLA-OBERTURA-CO_page-0001-614x1536.jpg 614w, https:\/\/www.fundacioiris.org\/wp-content\/uploads\/2020\/06\/PLA-OBERTURA-CO_page-0001-819x2048.jpg 819w, https:\/\/www.fundacioiris.org\/wp-content\/uploads\/2020\/06\/PLA-OBERTURA-CO_page-0001-scaled.jpg 1024w\" sizes=\"(max-width: 449px) 100vw, 449px\" \/><\/p>\n<p>&nbsp;<\/p>\n<p><a href=\"https:\/\/www.youtube.com\/watch?v=GTGy3R4tVqg&amp;feature=youtu.be\"><img loading=\"lazy\" decoding=\"async\" class=\"wp-image-3101 aligncenter\" src=\"https:\/\/www.fundacioiris.org\/wp-content\/uploads\/2020\/06\/Imagen1-300x171.png\" alt=\"\" width=\"437\" height=\"249\" srcset=\"https:\/\/www.fundacioiris.org\/wp-content\/uploads\/2020\/06\/Imagen1-300x171.png 300w, https:\/\/www.fundacioiris.org\/wp-content\/uploads\/2020\/06\/Imagen1-1024x583.png 1024w, https:\/\/www.fundacioiris.org\/wp-content\/uploads\/2020\/06\/Imagen1-768x437.png 768w, https:\/\/www.fundacioiris.org\/wp-content\/uploads\/2020\/06\/Imagen1.png 1031w\" sizes=\"(max-width: 437px) 100vw, 437px\" \/><\/a><\/p>\n<p style=\"text-align: center;\"><em>(Pinchad sobre la imagen para ver el v\u00eddeo)<\/em><\/p>\n","protected":false},"excerpt":{"rendered":"<p>El lunes 29 de junio el taller abre sus puertas despu\u00e9s de 3 meses sin servicio presencial. Os dejamos el Plan de apertura del centro y un v\u00eddeo donde explicamos qu\u00e9 medidas tomaremos y cu\u00e1l ser\u00e1 el nuevo funcionamiento durante el mes de julio. &nbsp; &nbsp; (Pinchad sobre la imagen para ver el v\u00eddeo)<\/p>\n","protected":false},"author":3,"featured_media":0,"comment_status":"closed","ping_status":"closed","sticky":false,"template":"","format":"standard","meta":{"_acf_changed":false,"footnotes":""},"categories":[26],"tags":[],"acf":[],"yoast_head":"<!-- This site is optimized with the Yoast SEO plugin v24.5 - https:\/\/yoast.com\/wordpress\/plugins\/seo\/ -->\n<title>Plan de apertura del Taller Ocupacional | Fundaci\u00f3 Iris<\/title>\n<meta name=\"description\" content=\"El lunes 29 de junio el taller abre sus puertas despu\u00e9s de 3 meses sin servicio presencial. Os dejamos el Plan de apertura del centro y un v\u00eddeo donde\" \/>\n<meta name=\"robots\" content=\"index, follow, max-snippet:-1, max-image-preview:large, max-video-preview:-1\" \/>\n<link rel=\"canonical\" href=\"https:\/\/www.fundacioiris.org\/pla-dobertura-del-taller-ocupacional\/\" \/>\n<meta property=\"og:locale\" content=\"es_ES\" \/>\n<meta property=\"og:type\" content=\"article\" \/>\n<meta property=\"og:title\" content=\"Plan de apertura del Taller Ocupacional | Fundaci\u00f3 Iris\" \/>\n<meta property=\"og:description\" content=\"El lunes 29 de junio el taller abre sus puertas despu\u00e9s de 3 meses sin servicio presencial. Os dejamos el Plan de apertura del centro y un v\u00eddeo donde\" \/>\n<meta property=\"og:url\" content=\"https:\/\/www.fundacioiris.org\/pla-dobertura-del-taller-ocupacional\/\" \/>\n<meta property=\"og:site_name\" content=\"Fundaci\u00f3 Iris\" \/>\n<meta property=\"article:author\" content=\"https:\/\/www.facebook.com\/fundacioiris\" \/>\n<meta property=\"article:published_time\" content=\"2020-06-23T11:47:42+00:00\" \/>\n<meta property=\"article:modified_time\" content=\"2020-06-23T11:48:25+00:00\" \/>\n<meta property=\"og:image\" content=\"https:\/\/www.fundacioiris.org\/wp-content\/uploads\/2020\/06\/PLA-OBERTURA-CO_page-0001-120x300.jpg\" \/>\n<meta name=\"author\" content=\"fundacioiris\" \/>\n<meta name=\"twitter:card\" content=\"summary_large_image\" \/>\n<meta name=\"twitter:label1\" content=\"Escrito por\" \/>\n\t<meta name=\"twitter:data1\" content=\"fundacioiris\" \/>\n<script type=\"application\/ld+json\" class=\"yoast-schema-graph\">{\"@context\":\"https:\/\/schema.org\",\"@graph\":[{\"@type\":\"WebPage\",\"@id\":\"https:\/\/www.fundacioiris.org\/pla-dobertura-del-taller-ocupacional\/\",\"url\":\"https:\/\/www.fundacioiris.org\/pla-dobertura-del-taller-ocupacional\/\",\"name\":\"Plan de apertura del Taller Ocupacional | Fundaci\u00f3 Iris\",\"isPartOf\":{\"@id\":\"https:\/\/www.fundacioiris.org\/es\/#website\"},\"primaryImageOfPage\":{\"@id\":\"https:\/\/www.fundacioiris.org\/pla-dobertura-del-taller-ocupacional\/#primaryimage\"},\"image\":{\"@id\":\"https:\/\/www.fundacioiris.org\/pla-dobertura-del-taller-ocupacional\/#primaryimage\"},\"thumbnailUrl\":\"https:\/\/www.fundacioiris.org\/wp-content\/uploads\/2020\/06\/PLA-OBERTURA-CO_page-0001-120x300.jpg\",\"datePublished\":\"2020-06-23T11:47:42+00:00\",\"dateModified\":\"2020-06-23T11:48:25+00:00\",\"author\":{\"@id\":\"https:\/\/www.fundacioiris.org\/es\/#\/schema\/person\/3424a3bd8939b591fd8b648e56175712\"},\"description\":\"El lunes 29 de junio el taller abre sus puertas despu\u00e9s de 3 meses sin servicio presencial. Os dejamos el Plan de apertura del centro y un v\u00eddeo donde\",\"breadcrumb\":{\"@id\":\"https:\/\/www.fundacioiris.org\/pla-dobertura-del-taller-ocupacional\/#breadcrumb\"},\"inLanguage\":\"es\",\"potentialAction\":[{\"@type\":\"ReadAction\",\"target\":[\"https:\/\/www.fundacioiris.org\/pla-dobertura-del-taller-ocupacional\/\"]}]},{\"@type\":\"ImageObject\",\"inLanguage\":\"es\",\"@id\":\"https:\/\/www.fundacioiris.org\/pla-dobertura-del-taller-ocupacional\/#primaryimage\",\"url\":\"https:\/\/www.fundacioiris.org\/wp-content\/uploads\/2020\/06\/PLA-OBERTURA-CO_page-0001-120x300.jpg\",\"contentUrl\":\"https:\/\/www.fundacioiris.org\/wp-content\/uploads\/2020\/06\/PLA-OBERTURA-CO_page-0001-120x300.jpg\"},{\"@type\":\"BreadcrumbList\",\"@id\":\"https:\/\/www.fundacioiris.org\/pla-dobertura-del-taller-ocupacional\/#breadcrumb\",\"itemListElement\":[{\"@type\":\"ListItem\",\"position\":1,\"name\":\"Inici\",\"item\":\"https:\/\/www.fundacioiris.org\/es\/\"},{\"@type\":\"ListItem\",\"position\":2,\"name\":\"Plan de apertura del Taller Ocupacional\"}]},{\"@type\":\"WebSite\",\"@id\":\"https:\/\/www.fundacioiris.org\/es\/#website\",\"url\":\"https:\/\/www.fundacioiris.org\/es\/\",\"name\":\"Fundaci\u00f3 Iris\",\"description\":\"Desde 1973 al lado de las personas con discapacidad intelectual\",\"potentialAction\":[{\"@type\":\"SearchAction\",\"target\":{\"@type\":\"EntryPoint\",\"urlTemplate\":\"https:\/\/www.fundacioiris.org\/es\/?s={search_term_string}\"},\"query-input\":{\"@type\":\"PropertyValueSpecification\",\"valueRequired\":true,\"valueName\":\"search_term_string\"}}],\"inLanguage\":\"es\"},{\"@type\":\"Person\",\"@id\":\"https:\/\/www.fundacioiris.org\/es\/#\/schema\/person\/3424a3bd8939b591fd8b648e56175712\",\"name\":\"fundacioiris\",\"image\":{\"@type\":\"ImageObject\",\"inLanguage\":\"es\",\"@id\":\"https:\/\/www.fundacioiris.org\/es\/#\/schema\/person\/image\/\",\"url\":\"https:\/\/secure.gravatar.com\/avatar\/389e9312672899cc87be3bfec5844e8c?s=96&d=mm&r=g\",\"contentUrl\":\"https:\/\/secure.gravatar.com\/avatar\/389e9312672899cc87be3bfec5844e8c?s=96&d=mm&r=g\",\"caption\":\"fundacioiris\"},\"sameAs\":[\"https:\/\/www.facebook.com\/fundacioiris\",\"https:\/\/www.instagram.com\/fundacio_iris\/\",\"https:\/\/www.linkedin.com\/company\/fundaci-privada-iris\/?originalSubdomain=es\"]}]}<\/script>\n<!-- \/ Yoast SEO plugin. -->","yoast_head_json":{"title":"Plan de apertura del Taller Ocupacional | Fundaci\u00f3 Iris","description":"El lunes 29 de junio el taller abre sus puertas despu\u00e9s de 3 meses sin servicio presencial. Os dejamos el Plan de apertura del centro y un v\u00eddeo donde","robots":{"index":"index","follow":"follow","max-snippet":"max-snippet:-1","max-image-preview":"max-image-preview:large","max-video-preview":"max-video-preview:-1"},"canonical":"https:\/\/www.fundacioiris.org\/pla-dobertura-del-taller-ocupacional\/","og_locale":"es_ES","og_type":"article","og_title":"Plan de apertura del Taller Ocupacional | Fundaci\u00f3 Iris","og_description":"El lunes 29 de junio el taller abre sus puertas despu\u00e9s de 3 meses sin servicio presencial. Os dejamos el Plan de apertura del centro y un v\u00eddeo donde","og_url":"https:\/\/www.fundacioiris.org\/pla-dobertura-del-taller-ocupacional\/","og_site_name":"Fundaci\u00f3 Iris","article_author":"https:\/\/www.facebook.com\/fundacioiris","article_published_time":"2020-06-23T11:47:42+00:00","article_modified_time":"2020-06-23T11:48:25+00:00","og_image":[{"url":"https:\/\/www.fundacioiris.org\/wp-content\/uploads\/2020\/06\/PLA-OBERTURA-CO_page-0001-120x300.jpg","type":"","width":"","height":""}],"author":"fundacioiris","twitter_card":"summary_large_image","twitter_misc":{"Escrito por":"fundacioiris"},"schema":{"@context":"https:\/\/schema.org","@graph":[{"@type":"WebPage","@id":"https:\/\/www.fundacioiris.org\/pla-dobertura-del-taller-ocupacional\/","url":"https:\/\/www.fundacioiris.org\/pla-dobertura-del-taller-ocupacional\/","name":"Plan de apertura del Taller Ocupacional | Fundaci\u00f3 Iris","isPartOf":{"@id":"https:\/\/www.fundacioiris.org\/es\/#website"},"primaryImageOfPage":{"@id":"https:\/\/www.fundacioiris.org\/pla-dobertura-del-taller-ocupacional\/#primaryimage"},"image":{"@id":"https:\/\/www.fundacioiris.org\/pla-dobertura-del-taller-ocupacional\/#primaryimage"},"thumbnailUrl":"https:\/\/www.fundacioiris.org\/wp-content\/uploads\/2020\/06\/PLA-OBERTURA-CO_page-0001-120x300.jpg","datePublished":"2020-06-23T11:47:42+00:00","dateModified":"2020-06-23T11:48:25+00:00","author":{"@id":"https:\/\/www.fundacioiris.org\/es\/#\/schema\/person\/3424a3bd8939b591fd8b648e56175712"},"description":"El lunes 29 de junio el taller abre sus puertas despu\u00e9s de 3 meses sin servicio presencial. Os dejamos el Plan de apertura del centro y un v\u00eddeo donde","breadcrumb":{"@id":"https:\/\/www.fundacioiris.org\/pla-dobertura-del-taller-ocupacional\/#breadcrumb"},"inLanguage":"es","potentialAction":[{"@type":"ReadAction","target":["https:\/\/www.fundacioiris.org\/pla-dobertura-del-taller-ocupacional\/"]}]},{"@type":"ImageObject","inLanguage":"es","@id":"https:\/\/www.fundacioiris.org\/pla-dobertura-del-taller-ocupacional\/#primaryimage","url":"https:\/\/www.fundacioiris.org\/wp-content\/uploads\/2020\/06\/PLA-OBERTURA-CO_page-0001-120x300.jpg","contentUrl":"https:\/\/www.fundacioiris.org\/wp-content\/uploads\/2020\/06\/PLA-OBERTURA-CO_page-0001-120x300.jpg"},{"@type":"BreadcrumbList","@id":"https:\/\/www.fundacioiris.org\/pla-dobertura-del-taller-ocupacional\/#breadcrumb","itemListElement":[{"@type":"ListItem","position":1,"name":"Inici","item":"https:\/\/www.fundacioiris.org\/es\/"},{"@type":"ListItem","position":2,"name":"Plan de apertura del Taller Ocupacional"}]},{"@type":"WebSite","@id":"https:\/\/www.fundacioiris.org\/es\/#website","url":"https:\/\/www.fundacioiris.org\/es\/","name":"Fundaci\u00f3 Iris","description":"Desde 1973 al lado de las personas con discapacidad intelectual","potentialAction":[{"@type":"SearchAction","target":{"@type":"EntryPoint","urlTemplate":"https:\/\/www.fundacioiris.org\/es\/?s={search_term_string}"},"query-input":{"@type":"PropertyValueSpecification","valueRequired":true,"valueName":"search_term_string"}}],"inLanguage":"es"},{"@type":"Person","@id":"https:\/\/www.fundacioiris.org\/es\/#\/schema\/person\/3424a3bd8939b591fd8b648e56175712","name":"fundacioiris","image":{"@type":"ImageObject","inLanguage":"es","@id":"https:\/\/www.fundacioiris.org\/es\/#\/schema\/person\/image\/","url":"https:\/\/secure.gravatar.com\/avatar\/389e9312672899cc87be3bfec5844e8c?s=96&d=mm&r=g","contentUrl":"https:\/\/secure.gravatar.com\/avatar\/389e9312672899cc87be3bfec5844e8c?s=96&d=mm&r=g","caption":"fundacioiris"},"sameAs":["https:\/\/www.facebook.com\/fundacioiris","https:\/\/www.instagram.com\/fundacio_iris\/","https:\/\/www.linkedin.com\/company\/fundaci-privada-iris\/?originalSubdomain=es"]}]}},"_links":{"self":[{"href":"https:\/\/www.fundacioiris.org\/es\/wp-json\/wp\/v2\/posts\/3104"}],"collection":[{"href":"https:\/\/www.fundacioiris.org\/es\/wp-json\/wp\/v2\/posts"}],"about":[{"href":"https:\/\/www.fundacioiris.org\/es\/wp-json\/wp\/v2\/types\/post"}],"author":[{"embeddable":true,"href":"https:\/\/www.fundacioiris.org\/es\/wp-json\/wp\/v2\/users\/3"}],"replies":[{"embeddable":true,"href":"https:\/\/www.fundacioiris.org\/es\/wp-json\/wp\/v2\/comments?post=3104"}],"version-history":[{"count":2,"href":"https:\/\/www.fundacioiris.org\/es\/wp-json\/wp\/v2\/posts\/3104\/revisions"}],"predecessor-version":[{"id":3106,"href":"https:\/\/www.fundacioiris.org\/es\/wp-json\/wp\/v2\/posts\/3104\/revisions\/3106"}],"wp:attachment":[{"href":"https:\/\/www.fundacioiris.org\/es\/wp-json\/wp\/v2\/media?parent=3104"}],"wp:term":[{"taxonomy":"category","embeddable":true,"href":"https:\/\/www.fundacioiris.org\/es\/wp-json\/wp\/v2\/categories?post=3104"},{"taxonomy":"post_tag","embeddable":true,"href":"https:\/\/www.fundacioiris.org\/es\/wp-json\/wp\/v2\/tags?post=3104"}],"curies":[{"name":"wp","href":"https:\/\/api.w.org\/{rel}","templated":true}]}}