{"id":3092,"date":"2020-06-15T16:37:32","date_gmt":"2020-06-15T14:37:32","guid":{"rendered":"https:\/\/www.fundacioiris.org\/?p=3092"},"modified":"2020-06-15T16:37:32","modified_gmt":"2020-06-15T14:37:32","slug":"la-escuela-iris-y-el-pla-educatiu-de-lentorn-0-20","status":"publish","type":"post","link":"https:\/\/www.fundacioiris.org\/es\/la-escuela-iris-y-el-pla-educatiu-de-lentorn-0-20\/","title":{"rendered":"La Escuela Iris y el Pla Educatiu de l&#8217;Entorn 0-20"},"content":{"rendered":"<p>La Escuela Iris de Educaci\u00f3n Especial participa desde el curso 19-20 en el programa de innovaci\u00f3n \u00ab<strong>PLA EDUCATIU DE L&#8217;ENTORN 0-20<\/strong>\u00bb del Departament d\u2019Educaci\u00f3 de la Generalitat de Catalunya, en el que participamos con todas las escuelas de Sant Vicen\u00e7 dels Horts y con otras de 5 municipios m\u00e1s de Catalu\u00f1a.<\/p>\n<p>Gracias a nuestra participaci\u00f3n en el proyecto, contamos con un nuevo profesional en la escuela, el <strong>T\u00c8CNIC D\u2019INTEGRACI\u00d3 SOCIAL,\u00a0<\/strong>factor que nos proporcionar\u00e1 muchas ventajas en relaci\u00f3n con el asesoramiento y acompa\u00f1amiento social y emocional de los alumnos y sus familias.<\/p>\n<p>Este profesional est\u00e1 financiado por el Fons social Europeu.<\/p>\n<p>&nbsp;<\/p>\n<p>As\u00ed mismo, y dentro del Pla educatiu de l&#8217;entorn 0-20, hemos podido realizar en la escuela un taller diversificado \u00ab<strong>TALLER D\u2019EXPRESSI\u00d3 CORPORAL I ARTS ESC\u00c8NIQUES\u00bb<\/strong> que ha dado la oportunidad a alumnos a los cuales, por diversas causas y situaciones, les es complicado poder asistir a actividades extra escolares fuera del \u00e1mbito de la escuela. El Taller se ha realizado en la escuela en el espacio del comedor, 4 d\u00edas a la semana y lo han podido disfrutar 10 alumnos de edades comprendidas entre los 11-19 a\u00f1os.<\/p>\n<p>Este taller tambi\u00e9n ha estado financiado por el Fons social Europeu.<\/p>\n<p>Esperamos que sea posible su continuidad ya que han sido dos factores muy positivos para nuestra escuela.<\/p>\n<p>&nbsp;<\/p>\n<p><img loading=\"lazy\" decoding=\"async\" class=\"alignnone  wp-image-3086\" src=\"https:\/\/www.fundacioiris.org\/wp-content\/uploads\/2020\/06\/Escola-300x38.png\" alt=\"\" width=\"655\" height=\"83\" srcset=\"https:\/\/www.fundacioiris.org\/wp-content\/uploads\/2020\/06\/Escola-300x38.png 300w, https:\/\/www.fundacioiris.org\/wp-content\/uploads\/2020\/06\/Escola-768x96.png 768w, https:\/\/www.fundacioiris.org\/wp-content\/uploads\/2020\/06\/Escola-870x111.png 870w, https:\/\/www.fundacioiris.org\/wp-content\/uploads\/2020\/06\/Escola.png 886w\" sizes=\"(max-width: 655px) 100vw, 655px\" \/><\/p>\n","protected":false},"excerpt":{"rendered":"<p>La Escuela Iris de Educaci\u00f3n Especial participa desde el curso 19-20 en el programa de innovaci\u00f3n \u00abPLA EDUCATIU DE L&#8217;ENTORN 0-20\u00bb del Departament d\u2019Educaci\u00f3 de la Generalitat de Catalunya, en el que participamos con todas las escuelas de Sant Vicen\u00e7 dels Horts y con otras de 5 municipios m\u00e1s de Catalu\u00f1a. Gracias a nuestra participaci\u00f3n<\/p>\n","protected":false},"author":3,"featured_media":0,"comment_status":"closed","ping_status":"closed","sticky":false,"template":"","format":"standard","meta":{"_acf_changed":false,"footnotes":""},"categories":[26],"tags":[],"acf":[],"yoast_head":"<!-- This site is optimized with the Yoast SEO plugin v24.5 - https:\/\/yoast.com\/wordpress\/plugins\/seo\/ -->\n<title>La Escuela Iris y el Pla Educatiu de l&#039;Entorn 0-20 | Fundaci\u00f3 Iris<\/title>\n<meta name=\"description\" content=\"La Escuela Iris de Educaci\u00f3n Especial participa desde el curso 19-20 en el programa de innovaci\u00f3n &quot;PLA EDUCATIU DE L&#039;ENTORN 0-20&quot; del Departament\" \/>\n<meta name=\"robots\" content=\"index, follow, max-snippet:-1, max-image-preview:large, max-video-preview:-1\" \/>\n<link rel=\"canonical\" href=\"https:\/\/www.fundacioiris.org\/lescola-iris-i-el-pla-educatiu-de-lentorn-0-20\/\" \/>\n<meta property=\"og:locale\" content=\"es_ES\" \/>\n<meta property=\"og:type\" content=\"article\" \/>\n<meta property=\"og:title\" content=\"La Escuela Iris y el Pla Educatiu de l&#039;Entorn 0-20 | Fundaci\u00f3 Iris\" \/>\n<meta property=\"og:description\" content=\"La Escuela Iris de Educaci\u00f3n Especial participa desde el curso 19-20 en el programa de innovaci\u00f3n &quot;PLA EDUCATIU DE L&#039;ENTORN 0-20&quot; del Departament\" \/>\n<meta property=\"og:url\" content=\"https:\/\/www.fundacioiris.org\/lescola-iris-i-el-pla-educatiu-de-lentorn-0-20\/\" \/>\n<meta property=\"og:site_name\" content=\"Fundaci\u00f3 Iris\" \/>\n<meta property=\"article:author\" content=\"https:\/\/www.facebook.com\/fundacioiris\" \/>\n<meta property=\"article:published_time\" content=\"2020-06-15T14:37:32+00:00\" \/>\n<meta property=\"og:image\" content=\"https:\/\/www.fundacioiris.org\/wp-content\/uploads\/2020\/06\/Escola-300x38.png\" \/>\n<meta name=\"author\" content=\"fundacioiris\" \/>\n<meta name=\"twitter:card\" content=\"summary_large_image\" \/>\n<meta name=\"twitter:label1\" content=\"Escrito por\" \/>\n\t<meta name=\"twitter:data1\" content=\"fundacioiris\" \/>\n\t<meta name=\"twitter:label2\" content=\"Tiempo de lectura\" \/>\n\t<meta name=\"twitter:data2\" content=\"1 minuto\" \/>\n<script type=\"application\/ld+json\" class=\"yoast-schema-graph\">{\"@context\":\"https:\/\/schema.org\",\"@graph\":[{\"@type\":\"WebPage\",\"@id\":\"https:\/\/www.fundacioiris.org\/lescola-iris-i-el-pla-educatiu-de-lentorn-0-20\/\",\"url\":\"https:\/\/www.fundacioiris.org\/lescola-iris-i-el-pla-educatiu-de-lentorn-0-20\/\",\"name\":\"La Escuela Iris y el Pla Educatiu de l'Entorn 0-20 | Fundaci\u00f3 Iris\",\"isPartOf\":{\"@id\":\"https:\/\/www.fundacioiris.org\/es\/#website\"},\"primaryImageOfPage\":{\"@id\":\"https:\/\/www.fundacioiris.org\/lescola-iris-i-el-pla-educatiu-de-lentorn-0-20\/#primaryimage\"},\"image\":{\"@id\":\"https:\/\/www.fundacioiris.org\/lescola-iris-i-el-pla-educatiu-de-lentorn-0-20\/#primaryimage\"},\"thumbnailUrl\":\"https:\/\/www.fundacioiris.org\/wp-content\/uploads\/2020\/06\/Escola-300x38.png\",\"datePublished\":\"2020-06-15T14:37:32+00:00\",\"author\":{\"@id\":\"https:\/\/www.fundacioiris.org\/es\/#\/schema\/person\/3424a3bd8939b591fd8b648e56175712\"},\"description\":\"La Escuela Iris de Educaci\u00f3n Especial participa desde el curso 19-20 en el programa de innovaci\u00f3n \\\"PLA EDUCATIU DE L'ENTORN 0-20\\\" del Departament\",\"breadcrumb\":{\"@id\":\"https:\/\/www.fundacioiris.org\/lescola-iris-i-el-pla-educatiu-de-lentorn-0-20\/#breadcrumb\"},\"inLanguage\":\"es\",\"potentialAction\":[{\"@type\":\"ReadAction\",\"target\":[\"https:\/\/www.fundacioiris.org\/lescola-iris-i-el-pla-educatiu-de-lentorn-0-20\/\"]}]},{\"@type\":\"ImageObject\",\"inLanguage\":\"es\",\"@id\":\"https:\/\/www.fundacioiris.org\/lescola-iris-i-el-pla-educatiu-de-lentorn-0-20\/#primaryimage\",\"url\":\"https:\/\/www.fundacioiris.org\/wp-content\/uploads\/2020\/06\/Escola-300x38.png\",\"contentUrl\":\"https:\/\/www.fundacioiris.org\/wp-content\/uploads\/2020\/06\/Escola-300x38.png\"},{\"@type\":\"BreadcrumbList\",\"@id\":\"https:\/\/www.fundacioiris.org\/lescola-iris-i-el-pla-educatiu-de-lentorn-0-20\/#breadcrumb\",\"itemListElement\":[{\"@type\":\"ListItem\",\"position\":1,\"name\":\"Inici\",\"item\":\"https:\/\/www.fundacioiris.org\/es\/\"},{\"@type\":\"ListItem\",\"position\":2,\"name\":\"La Escuela Iris y el Pla Educatiu de l&#8217;Entorn 0-20\"}]},{\"@type\":\"WebSite\",\"@id\":\"https:\/\/www.fundacioiris.org\/es\/#website\",\"url\":\"https:\/\/www.fundacioiris.org\/es\/\",\"name\":\"Fundaci\u00f3 Iris\",\"description\":\"Desde 1973 al lado de las personas con discapacidad intelectual\",\"potentialAction\":[{\"@type\":\"SearchAction\",\"target\":{\"@type\":\"EntryPoint\",\"urlTemplate\":\"https:\/\/www.fundacioiris.org\/es\/?s={search_term_string}\"},\"query-input\":{\"@type\":\"PropertyValueSpecification\",\"valueRequired\":true,\"valueName\":\"search_term_string\"}}],\"inLanguage\":\"es\"},{\"@type\":\"Person\",\"@id\":\"https:\/\/www.fundacioiris.org\/es\/#\/schema\/person\/3424a3bd8939b591fd8b648e56175712\",\"name\":\"fundacioiris\",\"image\":{\"@type\":\"ImageObject\",\"inLanguage\":\"es\",\"@id\":\"https:\/\/www.fundacioiris.org\/es\/#\/schema\/person\/image\/\",\"url\":\"https:\/\/secure.gravatar.com\/avatar\/389e9312672899cc87be3bfec5844e8c?s=96&d=mm&r=g\",\"contentUrl\":\"https:\/\/secure.gravatar.com\/avatar\/389e9312672899cc87be3bfec5844e8c?s=96&d=mm&r=g\",\"caption\":\"fundacioiris\"},\"sameAs\":[\"https:\/\/www.facebook.com\/fundacioiris\",\"https:\/\/www.instagram.com\/fundacio_iris\/\",\"https:\/\/www.linkedin.com\/company\/fundaci-privada-iris\/?originalSubdomain=es\"]}]}<\/script>\n<!-- \/ Yoast SEO plugin. -->","yoast_head_json":{"title":"La Escuela Iris y el Pla Educatiu de l'Entorn 0-20 | Fundaci\u00f3 Iris","description":"La Escuela Iris de Educaci\u00f3n Especial participa desde el curso 19-20 en el programa de innovaci\u00f3n \"PLA EDUCATIU DE L'ENTORN 0-20\" del Departament","robots":{"index":"index","follow":"follow","max-snippet":"max-snippet:-1","max-image-preview":"max-image-preview:large","max-video-preview":"max-video-preview:-1"},"canonical":"https:\/\/www.fundacioiris.org\/lescola-iris-i-el-pla-educatiu-de-lentorn-0-20\/","og_locale":"es_ES","og_type":"article","og_title":"La Escuela Iris y el Pla Educatiu de l'Entorn 0-20 | Fundaci\u00f3 Iris","og_description":"La Escuela Iris de Educaci\u00f3n Especial participa desde el curso 19-20 en el programa de innovaci\u00f3n \"PLA EDUCATIU DE L'ENTORN 0-20\" del Departament","og_url":"https:\/\/www.fundacioiris.org\/lescola-iris-i-el-pla-educatiu-de-lentorn-0-20\/","og_site_name":"Fundaci\u00f3 Iris","article_author":"https:\/\/www.facebook.com\/fundacioiris","article_published_time":"2020-06-15T14:37:32+00:00","og_image":[{"url":"https:\/\/www.fundacioiris.org\/wp-content\/uploads\/2020\/06\/Escola-300x38.png","type":"","width":"","height":""}],"author":"fundacioiris","twitter_card":"summary_large_image","twitter_misc":{"Escrito por":"fundacioiris","Tiempo de lectura":"1 minuto"},"schema":{"@context":"https:\/\/schema.org","@graph":[{"@type":"WebPage","@id":"https:\/\/www.fundacioiris.org\/lescola-iris-i-el-pla-educatiu-de-lentorn-0-20\/","url":"https:\/\/www.fundacioiris.org\/lescola-iris-i-el-pla-educatiu-de-lentorn-0-20\/","name":"La Escuela Iris y el Pla Educatiu de l'Entorn 0-20 | Fundaci\u00f3 Iris","isPartOf":{"@id":"https:\/\/www.fundacioiris.org\/es\/#website"},"primaryImageOfPage":{"@id":"https:\/\/www.fundacioiris.org\/lescola-iris-i-el-pla-educatiu-de-lentorn-0-20\/#primaryimage"},"image":{"@id":"https:\/\/www.fundacioiris.org\/lescola-iris-i-el-pla-educatiu-de-lentorn-0-20\/#primaryimage"},"thumbnailUrl":"https:\/\/www.fundacioiris.org\/wp-content\/uploads\/2020\/06\/Escola-300x38.png","datePublished":"2020-06-15T14:37:32+00:00","author":{"@id":"https:\/\/www.fundacioiris.org\/es\/#\/schema\/person\/3424a3bd8939b591fd8b648e56175712"},"description":"La Escuela Iris de Educaci\u00f3n Especial participa desde el curso 19-20 en el programa de innovaci\u00f3n \"PLA EDUCATIU DE L'ENTORN 0-20\" del Departament","breadcrumb":{"@id":"https:\/\/www.fundacioiris.org\/lescola-iris-i-el-pla-educatiu-de-lentorn-0-20\/#breadcrumb"},"inLanguage":"es","potentialAction":[{"@type":"ReadAction","target":["https:\/\/www.fundacioiris.org\/lescola-iris-i-el-pla-educatiu-de-lentorn-0-20\/"]}]},{"@type":"ImageObject","inLanguage":"es","@id":"https:\/\/www.fundacioiris.org\/lescola-iris-i-el-pla-educatiu-de-lentorn-0-20\/#primaryimage","url":"https:\/\/www.fundacioiris.org\/wp-content\/uploads\/2020\/06\/Escola-300x38.png","contentUrl":"https:\/\/www.fundacioiris.org\/wp-content\/uploads\/2020\/06\/Escola-300x38.png"},{"@type":"BreadcrumbList","@id":"https:\/\/www.fundacioiris.org\/lescola-iris-i-el-pla-educatiu-de-lentorn-0-20\/#breadcrumb","itemListElement":[{"@type":"ListItem","position":1,"name":"Inici","item":"https:\/\/www.fundacioiris.org\/es\/"},{"@type":"ListItem","position":2,"name":"La Escuela Iris y el Pla Educatiu de l&#8217;Entorn 0-20"}]},{"@type":"WebSite","@id":"https:\/\/www.fundacioiris.org\/es\/#website","url":"https:\/\/www.fundacioiris.org\/es\/","name":"Fundaci\u00f3 Iris","description":"Desde 1973 al lado de las personas con discapacidad intelectual","potentialAction":[{"@type":"SearchAction","target":{"@type":"EntryPoint","urlTemplate":"https:\/\/www.fundacioiris.org\/es\/?s={search_term_string}"},"query-input":{"@type":"PropertyValueSpecification","valueRequired":true,"valueName":"search_term_string"}}],"inLanguage":"es"},{"@type":"Person","@id":"https:\/\/www.fundacioiris.org\/es\/#\/schema\/person\/3424a3bd8939b591fd8b648e56175712","name":"fundacioiris","image":{"@type":"ImageObject","inLanguage":"es","@id":"https:\/\/www.fundacioiris.org\/es\/#\/schema\/person\/image\/","url":"https:\/\/secure.gravatar.com\/avatar\/389e9312672899cc87be3bfec5844e8c?s=96&d=mm&r=g","contentUrl":"https:\/\/secure.gravatar.com\/avatar\/389e9312672899cc87be3bfec5844e8c?s=96&d=mm&r=g","caption":"fundacioiris"},"sameAs":["https:\/\/www.facebook.com\/fundacioiris","https:\/\/www.instagram.com\/fundacio_iris\/","https:\/\/www.linkedin.com\/company\/fundaci-privada-iris\/?originalSubdomain=es"]}]}},"_links":{"self":[{"href":"https:\/\/www.fundacioiris.org\/es\/wp-json\/wp\/v2\/posts\/3092"}],"collection":[{"href":"https:\/\/www.fundacioiris.org\/es\/wp-json\/wp\/v2\/posts"}],"about":[{"href":"https:\/\/www.fundacioiris.org\/es\/wp-json\/wp\/v2\/types\/post"}],"author":[{"embeddable":true,"href":"https:\/\/www.fundacioiris.org\/es\/wp-json\/wp\/v2\/users\/3"}],"replies":[{"embeddable":true,"href":"https:\/\/www.fundacioiris.org\/es\/wp-json\/wp\/v2\/comments?post=3092"}],"version-history":[{"count":1,"href":"https:\/\/www.fundacioiris.org\/es\/wp-json\/wp\/v2\/posts\/3092\/revisions"}],"predecessor-version":[{"id":3093,"href":"https:\/\/www.fundacioiris.org\/es\/wp-json\/wp\/v2\/posts\/3092\/revisions\/3093"}],"wp:attachment":[{"href":"https:\/\/www.fundacioiris.org\/es\/wp-json\/wp\/v2\/media?parent=3092"}],"wp:term":[{"taxonomy":"category","embeddable":true,"href":"https:\/\/www.fundacioiris.org\/es\/wp-json\/wp\/v2\/categories?post=3092"},{"taxonomy":"post_tag","embeddable":true,"href":"https:\/\/www.fundacioiris.org\/es\/wp-json\/wp\/v2\/tags?post=3092"}],"curies":[{"name":"wp","href":"https:\/\/api.w.org\/{rel}","templated":true}]}}