{"id":3082,"date":"2020-06-08T09:44:20","date_gmt":"2020-06-08T07:44:20","guid":{"rendered":"https:\/\/www.fundacioiris.org\/?p=3082"},"modified":"2020-06-08T09:44:20","modified_gmt":"2020-06-08T07:44:20","slug":"plan-de-apertura-de-la-escola-iris-fase-2","status":"publish","type":"post","link":"https:\/\/www.fundacioiris.org\/es\/plan-de-apertura-de-la-escola-iris-fase-2\/","title":{"rendered":"Plan de apertura de la Escola Iris &#8211; FASE 2"},"content":{"rendered":"<p>Hoy, lunes d\u00eda 8 de junio, la escuela reabre para dar servicio durante 15 d\u00edas, siguiendo las directrices del Departament d&#8217;Educaci\u00f3.<\/p>\n<p>Para consultar el Plan de apertura, pod\u00e9is pinchar sobre la imagen.<\/p>\n<p style=\"text-align: center;\"><a href=\"https:\/\/www.fundacioiris.org\/wp-content\/uploads\/2020\/06\/PLA-0BERTURA-8-juny-2020.pdf\"><img loading=\"lazy\" decoding=\"async\" class=\"wp-image-3076 aligncenter\" src=\"https:\/\/www.fundacioiris.org\/wp-content\/uploads\/2020\/06\/Pla-actuacio-escola-256x300.png\" alt=\"\" width=\"433\" height=\"507\" srcset=\"https:\/\/www.fundacioiris.org\/wp-content\/uploads\/2020\/06\/Pla-actuacio-escola-256x300.png 256w, https:\/\/www.fundacioiris.org\/wp-content\/uploads\/2020\/06\/Pla-actuacio-escola.png 656w\" sizes=\"(max-width: 433px) 100vw, 433px\" \/><\/a><a href=\"https:\/\/www.fundacioiris.org\/wp-content\/uploads\/2020\/06\/PLA-0BERTURA-8-juny-2020.pdf\">PLA 0BERTURA 8 juny 2020<\/a><\/p>\n","protected":false},"excerpt":{"rendered":"<p>Hoy, lunes d\u00eda 8 de junio, la escuela reabre para dar servicio durante 15 d\u00edas, siguiendo las directrices del Departament d&#8217;Educaci\u00f3. Para consultar el Plan de apertura, pod\u00e9is pinchar sobre la imagen. PLA 0BERTURA 8 juny 2020<\/p>\n","protected":false},"author":3,"featured_media":0,"comment_status":"closed","ping_status":"closed","sticky":false,"template":"","format":"standard","meta":{"_acf_changed":false,"footnotes":""},"categories":[26],"tags":[],"acf":[],"yoast_head":"<!-- This site is optimized with the Yoast SEO plugin v24.5 - https:\/\/yoast.com\/wordpress\/plugins\/seo\/ -->\n<title>Plan de apertura de la Escola Iris - FASE 2 | Fundaci\u00f3 Iris<\/title>\n<meta name=\"description\" content=\"Hoy, lunes d\u00eda 8 de junio, la escuela reabre para dar servicio durante 15 d\u00edas, siguiendo las directrices del Departament d&#039;Educaci\u00f3. Para consultar el\" \/>\n<meta name=\"robots\" content=\"index, follow, max-snippet:-1, max-image-preview:large, max-video-preview:-1\" \/>\n<link rel=\"canonical\" href=\"https:\/\/www.fundacioiris.org\/pla-dobertura-de-lescola-iris-fase-2\/\" \/>\n<meta property=\"og:locale\" content=\"es_ES\" \/>\n<meta property=\"og:type\" content=\"article\" \/>\n<meta property=\"og:title\" content=\"Plan de apertura de la Escola Iris - FASE 2 | Fundaci\u00f3 Iris\" \/>\n<meta property=\"og:description\" content=\"Hoy, lunes d\u00eda 8 de junio, la escuela reabre para dar servicio durante 15 d\u00edas, siguiendo las directrices del Departament d&#039;Educaci\u00f3. Para consultar el\" \/>\n<meta property=\"og:url\" content=\"https:\/\/www.fundacioiris.org\/pla-dobertura-de-lescola-iris-fase-2\/\" \/>\n<meta property=\"og:site_name\" content=\"Fundaci\u00f3 Iris\" \/>\n<meta property=\"article:author\" content=\"https:\/\/www.facebook.com\/fundacioiris\" \/>\n<meta property=\"article:published_time\" content=\"2020-06-08T07:44:20+00:00\" \/>\n<meta property=\"og:image\" content=\"https:\/\/www.fundacioiris.org\/wp-content\/uploads\/2020\/06\/Pla-actuacio-escola-256x300.png\" \/>\n<meta name=\"author\" content=\"fundacioiris\" \/>\n<meta name=\"twitter:card\" content=\"summary_large_image\" \/>\n<meta name=\"twitter:label1\" content=\"Escrito por\" \/>\n\t<meta name=\"twitter:data1\" content=\"fundacioiris\" \/>\n<script type=\"application\/ld+json\" class=\"yoast-schema-graph\">{\"@context\":\"https:\/\/schema.org\",\"@graph\":[{\"@type\":\"WebPage\",\"@id\":\"https:\/\/www.fundacioiris.org\/pla-dobertura-de-lescola-iris-fase-2\/\",\"url\":\"https:\/\/www.fundacioiris.org\/pla-dobertura-de-lescola-iris-fase-2\/\",\"name\":\"Plan de apertura de la Escola Iris - FASE 2 | Fundaci\u00f3 Iris\",\"isPartOf\":{\"@id\":\"https:\/\/www.fundacioiris.org\/es\/#website\"},\"primaryImageOfPage\":{\"@id\":\"https:\/\/www.fundacioiris.org\/pla-dobertura-de-lescola-iris-fase-2\/#primaryimage\"},\"image\":{\"@id\":\"https:\/\/www.fundacioiris.org\/pla-dobertura-de-lescola-iris-fase-2\/#primaryimage\"},\"thumbnailUrl\":\"https:\/\/www.fundacioiris.org\/wp-content\/uploads\/2020\/06\/Pla-actuacio-escola-256x300.png\",\"datePublished\":\"2020-06-08T07:44:20+00:00\",\"author\":{\"@id\":\"https:\/\/www.fundacioiris.org\/es\/#\/schema\/person\/3424a3bd8939b591fd8b648e56175712\"},\"description\":\"Hoy, lunes d\u00eda 8 de junio, la escuela reabre para dar servicio durante 15 d\u00edas, siguiendo las directrices del Departament d'Educaci\u00f3. Para consultar el\",\"breadcrumb\":{\"@id\":\"https:\/\/www.fundacioiris.org\/pla-dobertura-de-lescola-iris-fase-2\/#breadcrumb\"},\"inLanguage\":\"es\",\"potentialAction\":[{\"@type\":\"ReadAction\",\"target\":[\"https:\/\/www.fundacioiris.org\/pla-dobertura-de-lescola-iris-fase-2\/\"]}]},{\"@type\":\"ImageObject\",\"inLanguage\":\"es\",\"@id\":\"https:\/\/www.fundacioiris.org\/pla-dobertura-de-lescola-iris-fase-2\/#primaryimage\",\"url\":\"https:\/\/www.fundacioiris.org\/wp-content\/uploads\/2020\/06\/Pla-actuacio-escola-256x300.png\",\"contentUrl\":\"https:\/\/www.fundacioiris.org\/wp-content\/uploads\/2020\/06\/Pla-actuacio-escola-256x300.png\"},{\"@type\":\"BreadcrumbList\",\"@id\":\"https:\/\/www.fundacioiris.org\/pla-dobertura-de-lescola-iris-fase-2\/#breadcrumb\",\"itemListElement\":[{\"@type\":\"ListItem\",\"position\":1,\"name\":\"Inici\",\"item\":\"https:\/\/www.fundacioiris.org\/es\/\"},{\"@type\":\"ListItem\",\"position\":2,\"name\":\"Plan de apertura de la Escola Iris &#8211; FASE 2\"}]},{\"@type\":\"WebSite\",\"@id\":\"https:\/\/www.fundacioiris.org\/es\/#website\",\"url\":\"https:\/\/www.fundacioiris.org\/es\/\",\"name\":\"Fundaci\u00f3 Iris\",\"description\":\"Desde 1973 al lado de las personas con discapacidad intelectual\",\"potentialAction\":[{\"@type\":\"SearchAction\",\"target\":{\"@type\":\"EntryPoint\",\"urlTemplate\":\"https:\/\/www.fundacioiris.org\/es\/?s={search_term_string}\"},\"query-input\":{\"@type\":\"PropertyValueSpecification\",\"valueRequired\":true,\"valueName\":\"search_term_string\"}}],\"inLanguage\":\"es\"},{\"@type\":\"Person\",\"@id\":\"https:\/\/www.fundacioiris.org\/es\/#\/schema\/person\/3424a3bd8939b591fd8b648e56175712\",\"name\":\"fundacioiris\",\"image\":{\"@type\":\"ImageObject\",\"inLanguage\":\"es\",\"@id\":\"https:\/\/www.fundacioiris.org\/es\/#\/schema\/person\/image\/\",\"url\":\"https:\/\/secure.gravatar.com\/avatar\/389e9312672899cc87be3bfec5844e8c?s=96&d=mm&r=g\",\"contentUrl\":\"https:\/\/secure.gravatar.com\/avatar\/389e9312672899cc87be3bfec5844e8c?s=96&d=mm&r=g\",\"caption\":\"fundacioiris\"},\"sameAs\":[\"https:\/\/www.facebook.com\/fundacioiris\",\"https:\/\/www.instagram.com\/fundacio_iris\/\",\"https:\/\/www.linkedin.com\/company\/fundaci-privada-iris\/?originalSubdomain=es\"]}]}<\/script>\n<!-- \/ Yoast SEO plugin. -->","yoast_head_json":{"title":"Plan de apertura de la Escola Iris - FASE 2 | Fundaci\u00f3 Iris","description":"Hoy, lunes d\u00eda 8 de junio, la escuela reabre para dar servicio durante 15 d\u00edas, siguiendo las directrices del Departament d'Educaci\u00f3. Para consultar el","robots":{"index":"index","follow":"follow","max-snippet":"max-snippet:-1","max-image-preview":"max-image-preview:large","max-video-preview":"max-video-preview:-1"},"canonical":"https:\/\/www.fundacioiris.org\/pla-dobertura-de-lescola-iris-fase-2\/","og_locale":"es_ES","og_type":"article","og_title":"Plan de apertura de la Escola Iris - FASE 2 | Fundaci\u00f3 Iris","og_description":"Hoy, lunes d\u00eda 8 de junio, la escuela reabre para dar servicio durante 15 d\u00edas, siguiendo las directrices del Departament d'Educaci\u00f3. Para consultar el","og_url":"https:\/\/www.fundacioiris.org\/pla-dobertura-de-lescola-iris-fase-2\/","og_site_name":"Fundaci\u00f3 Iris","article_author":"https:\/\/www.facebook.com\/fundacioiris","article_published_time":"2020-06-08T07:44:20+00:00","og_image":[{"url":"https:\/\/www.fundacioiris.org\/wp-content\/uploads\/2020\/06\/Pla-actuacio-escola-256x300.png","type":"","width":"","height":""}],"author":"fundacioiris","twitter_card":"summary_large_image","twitter_misc":{"Escrito por":"fundacioiris"},"schema":{"@context":"https:\/\/schema.org","@graph":[{"@type":"WebPage","@id":"https:\/\/www.fundacioiris.org\/pla-dobertura-de-lescola-iris-fase-2\/","url":"https:\/\/www.fundacioiris.org\/pla-dobertura-de-lescola-iris-fase-2\/","name":"Plan de apertura de la Escola Iris - FASE 2 | Fundaci\u00f3 Iris","isPartOf":{"@id":"https:\/\/www.fundacioiris.org\/es\/#website"},"primaryImageOfPage":{"@id":"https:\/\/www.fundacioiris.org\/pla-dobertura-de-lescola-iris-fase-2\/#primaryimage"},"image":{"@id":"https:\/\/www.fundacioiris.org\/pla-dobertura-de-lescola-iris-fase-2\/#primaryimage"},"thumbnailUrl":"https:\/\/www.fundacioiris.org\/wp-content\/uploads\/2020\/06\/Pla-actuacio-escola-256x300.png","datePublished":"2020-06-08T07:44:20+00:00","author":{"@id":"https:\/\/www.fundacioiris.org\/es\/#\/schema\/person\/3424a3bd8939b591fd8b648e56175712"},"description":"Hoy, lunes d\u00eda 8 de junio, la escuela reabre para dar servicio durante 15 d\u00edas, siguiendo las directrices del Departament d'Educaci\u00f3. Para consultar el","breadcrumb":{"@id":"https:\/\/www.fundacioiris.org\/pla-dobertura-de-lescola-iris-fase-2\/#breadcrumb"},"inLanguage":"es","potentialAction":[{"@type":"ReadAction","target":["https:\/\/www.fundacioiris.org\/pla-dobertura-de-lescola-iris-fase-2\/"]}]},{"@type":"ImageObject","inLanguage":"es","@id":"https:\/\/www.fundacioiris.org\/pla-dobertura-de-lescola-iris-fase-2\/#primaryimage","url":"https:\/\/www.fundacioiris.org\/wp-content\/uploads\/2020\/06\/Pla-actuacio-escola-256x300.png","contentUrl":"https:\/\/www.fundacioiris.org\/wp-content\/uploads\/2020\/06\/Pla-actuacio-escola-256x300.png"},{"@type":"BreadcrumbList","@id":"https:\/\/www.fundacioiris.org\/pla-dobertura-de-lescola-iris-fase-2\/#breadcrumb","itemListElement":[{"@type":"ListItem","position":1,"name":"Inici","item":"https:\/\/www.fundacioiris.org\/es\/"},{"@type":"ListItem","position":2,"name":"Plan de apertura de la Escola Iris &#8211; FASE 2"}]},{"@type":"WebSite","@id":"https:\/\/www.fundacioiris.org\/es\/#website","url":"https:\/\/www.fundacioiris.org\/es\/","name":"Fundaci\u00f3 Iris","description":"Desde 1973 al lado de las personas con discapacidad intelectual","potentialAction":[{"@type":"SearchAction","target":{"@type":"EntryPoint","urlTemplate":"https:\/\/www.fundacioiris.org\/es\/?s={search_term_string}"},"query-input":{"@type":"PropertyValueSpecification","valueRequired":true,"valueName":"search_term_string"}}],"inLanguage":"es"},{"@type":"Person","@id":"https:\/\/www.fundacioiris.org\/es\/#\/schema\/person\/3424a3bd8939b591fd8b648e56175712","name":"fundacioiris","image":{"@type":"ImageObject","inLanguage":"es","@id":"https:\/\/www.fundacioiris.org\/es\/#\/schema\/person\/image\/","url":"https:\/\/secure.gravatar.com\/avatar\/389e9312672899cc87be3bfec5844e8c?s=96&d=mm&r=g","contentUrl":"https:\/\/secure.gravatar.com\/avatar\/389e9312672899cc87be3bfec5844e8c?s=96&d=mm&r=g","caption":"fundacioiris"},"sameAs":["https:\/\/www.facebook.com\/fundacioiris","https:\/\/www.instagram.com\/fundacio_iris\/","https:\/\/www.linkedin.com\/company\/fundaci-privada-iris\/?originalSubdomain=es"]}]}},"_links":{"self":[{"href":"https:\/\/www.fundacioiris.org\/es\/wp-json\/wp\/v2\/posts\/3082"}],"collection":[{"href":"https:\/\/www.fundacioiris.org\/es\/wp-json\/wp\/v2\/posts"}],"about":[{"href":"https:\/\/www.fundacioiris.org\/es\/wp-json\/wp\/v2\/types\/post"}],"author":[{"embeddable":true,"href":"https:\/\/www.fundacioiris.org\/es\/wp-json\/wp\/v2\/users\/3"}],"replies":[{"embeddable":true,"href":"https:\/\/www.fundacioiris.org\/es\/wp-json\/wp\/v2\/comments?post=3082"}],"version-history":[{"count":1,"href":"https:\/\/www.fundacioiris.org\/es\/wp-json\/wp\/v2\/posts\/3082\/revisions"}],"predecessor-version":[{"id":3083,"href":"https:\/\/www.fundacioiris.org\/es\/wp-json\/wp\/v2\/posts\/3082\/revisions\/3083"}],"wp:attachment":[{"href":"https:\/\/www.fundacioiris.org\/es\/wp-json\/wp\/v2\/media?parent=3082"}],"wp:term":[{"taxonomy":"category","embeddable":true,"href":"https:\/\/www.fundacioiris.org\/es\/wp-json\/wp\/v2\/categories?post=3082"},{"taxonomy":"post_tag","embeddable":true,"href":"https:\/\/www.fundacioiris.org\/es\/wp-json\/wp\/v2\/tags?post=3082"}],"curies":[{"name":"wp","href":"https:\/\/api.w.org\/{rel}","templated":true}]}}