{"id":2706,"date":"2019-10-04T16:59:16","date_gmt":"2019-10-04T14:59:16","guid":{"rendered":"https:\/\/www.fundacioiris.org\/?p=2706"},"modified":"2019-10-04T16:59:16","modified_gmt":"2019-10-04T14:59:16","slug":"nueva-lavanderia-autoservicio","status":"publish","type":"post","link":"https:\/\/www.fundacioiris.org\/es\/nueva-lavanderia-autoservicio\/","title":{"rendered":"NUEVA Lavander\u00eda Autoservicio"},"content":{"rendered":"<p><strong>\u00a1La Fundaci\u00f3n Iris est\u00e1 de estreno!<\/strong><\/p>\n<p>Tenemos <strong>NUEVA lavander\u00eda autoservicio<\/strong>, ubicada en la Calle Barcelona, 219, de Sant Vicen\u00e7 dels Horts.<\/p>\n<p>La <strong>INAUGURACI\u00d3N<\/strong> ser\u00e1 el pr\u00f3ximo <strong>jueves d\u00eda 10 de octubre<\/strong>, a las 19:00, pero la lavander\u00eda ya est\u00e1 en funcionamiento. Reserva el d\u00eda!<\/p>\n<p>\u00bfCu\u00e1ntas gestiones y compras puedes hacer en una hora? \u00e9s el tiempo que tardar\u00e1s en tener tu colada limpia y seca. Adem\u00e1s, con la tarjeta fidelidad, podr\u00e1s disfrutar de descuentos en cada servicio<img loading=\"lazy\" decoding=\"async\" class=\" wp-image-2703 aligncenter\" src=\"https:\/\/www.fundacioiris.org\/wp-content\/uploads\/2019\/10\/RENTAT-300x300.png\" alt=\"\" width=\"351\" height=\"351\" srcset=\"https:\/\/www.fundacioiris.org\/wp-content\/uploads\/2019\/10\/RENTAT-300x300.png 300w, https:\/\/www.fundacioiris.org\/wp-content\/uploads\/2019\/10\/RENTAT-150x150.png 150w, https:\/\/www.fundacioiris.org\/wp-content\/uploads\/2019\/10\/RENTAT-768x768.png 768w, https:\/\/www.fundacioiris.org\/wp-content\/uploads\/2019\/10\/RENTAT-1024x1024.png 1024w, https:\/\/www.fundacioiris.org\/wp-content\/uploads\/2019\/10\/RENTAT-480x480.png 480w, https:\/\/www.fundacioiris.org\/wp-content\/uploads\/2019\/10\/RENTAT-260x260.png 260w, https:\/\/www.fundacioiris.org\/wp-content\/uploads\/2019\/10\/RENTAT-90x90.png 90w, https:\/\/www.fundacioiris.org\/wp-content\/uploads\/2019\/10\/RENTAT.png 1080w\" sizes=\"(max-width: 351px) 100vw, 351px\" \/><\/p>\n","protected":false},"excerpt":{"rendered":"<p>\u00a1La Fundaci\u00f3n Iris est\u00e1 de estreno! Tenemos NUEVA lavander\u00eda autoservicio, ubicada en la Calle Barcelona, 219, de Sant Vicen\u00e7 dels Horts. La INAUGURACI\u00d3N ser\u00e1 el pr\u00f3ximo jueves d\u00eda 10 de octubre, a las 19:00, pero la lavander\u00eda ya est\u00e1 en funcionamiento. Reserva el d\u00eda! \u00bfCu\u00e1ntas gestiones y compras puedes hacer en una hora? \u00e9s el<\/p>\n","protected":false},"author":3,"featured_media":2698,"comment_status":"closed","ping_status":"closed","sticky":false,"template":"","format":"standard","meta":{"_acf_changed":false,"footnotes":""},"categories":[26],"tags":[],"acf":[],"yoast_head":"<!-- This site is optimized with the Yoast SEO plugin v24.5 - https:\/\/yoast.com\/wordpress\/plugins\/seo\/ -->\n<title>NUEVA Lavander\u00eda Autoservicio | Fundaci\u00f3 Iris<\/title>\n<meta name=\"description\" content=\"\u00a1La Fundaci\u00f3n Iris est\u00e1 de estreno! Tenemos NUEVA lavander\u00eda autoservicio, ubicada en la Calle Barcelona, 219, de Sant Vicen\u00e7 dels Horts. La INAUGURACI\u00d3N\" \/>\n<meta name=\"robots\" content=\"index, follow, max-snippet:-1, max-image-preview:large, max-video-preview:-1\" \/>\n<link rel=\"canonical\" href=\"https:\/\/www.fundacioiris.org\/nova-bugaderia-autoservei\/\" \/>\n<meta property=\"og:locale\" content=\"es_ES\" \/>\n<meta property=\"og:type\" content=\"article\" \/>\n<meta property=\"og:title\" content=\"NUEVA Lavander\u00eda Autoservicio | Fundaci\u00f3 Iris\" \/>\n<meta property=\"og:description\" content=\"\u00a1La Fundaci\u00f3n Iris est\u00e1 de estreno! Tenemos NUEVA lavander\u00eda autoservicio, ubicada en la Calle Barcelona, 219, de Sant Vicen\u00e7 dels Horts. La INAUGURACI\u00d3N\" \/>\n<meta property=\"og:url\" content=\"https:\/\/www.fundacioiris.org\/nova-bugaderia-autoservei\/\" \/>\n<meta property=\"og:site_name\" content=\"Fundaci\u00f3 Iris\" \/>\n<meta property=\"article:author\" content=\"https:\/\/www.facebook.com\/fundacioiris\" \/>\n<meta property=\"article:published_time\" content=\"2019-10-04T14:59:16+00:00\" \/>\n<meta property=\"og:image\" content=\"https:\/\/www.fundacioiris.org\/wp-content\/uploads\/2019\/10\/Speed-Queen1.jpg\" \/>\n\t<meta property=\"og:image:width\" content=\"1024\" \/>\n\t<meta property=\"og:image:height\" content=\"413\" \/>\n\t<meta property=\"og:image:type\" content=\"image\/jpeg\" \/>\n<meta name=\"author\" content=\"fundacioiris\" \/>\n<meta name=\"twitter:card\" content=\"summary_large_image\" \/>\n<meta name=\"twitter:label1\" content=\"Escrito por\" \/>\n\t<meta name=\"twitter:data1\" content=\"fundacioiris\" \/>\n<script type=\"application\/ld+json\" class=\"yoast-schema-graph\">{\"@context\":\"https:\/\/schema.org\",\"@graph\":[{\"@type\":\"WebPage\",\"@id\":\"https:\/\/www.fundacioiris.org\/nova-bugaderia-autoservei\/\",\"url\":\"https:\/\/www.fundacioiris.org\/nova-bugaderia-autoservei\/\",\"name\":\"NUEVA Lavander\u00eda Autoservicio | Fundaci\u00f3 Iris\",\"isPartOf\":{\"@id\":\"https:\/\/www.fundacioiris.org\/es\/#website\"},\"primaryImageOfPage\":{\"@id\":\"https:\/\/www.fundacioiris.org\/nova-bugaderia-autoservei\/#primaryimage\"},\"image\":{\"@id\":\"https:\/\/www.fundacioiris.org\/nova-bugaderia-autoservei\/#primaryimage\"},\"thumbnailUrl\":\"https:\/\/www.fundacioiris.org\/wp-content\/uploads\/2019\/10\/Speed-Queen1.jpg\",\"datePublished\":\"2019-10-04T14:59:16+00:00\",\"author\":{\"@id\":\"https:\/\/www.fundacioiris.org\/es\/#\/schema\/person\/3424a3bd8939b591fd8b648e56175712\"},\"description\":\"\u00a1La Fundaci\u00f3n Iris est\u00e1 de estreno! Tenemos NUEVA lavander\u00eda autoservicio, ubicada en la Calle Barcelona, 219, de Sant Vicen\u00e7 dels Horts. La INAUGURACI\u00d3N\",\"breadcrumb\":{\"@id\":\"https:\/\/www.fundacioiris.org\/nova-bugaderia-autoservei\/#breadcrumb\"},\"inLanguage\":\"es\",\"potentialAction\":[{\"@type\":\"ReadAction\",\"target\":[\"https:\/\/www.fundacioiris.org\/nova-bugaderia-autoservei\/\"]}]},{\"@type\":\"ImageObject\",\"inLanguage\":\"es\",\"@id\":\"https:\/\/www.fundacioiris.org\/nova-bugaderia-autoservei\/#primaryimage\",\"url\":\"https:\/\/www.fundacioiris.org\/wp-content\/uploads\/2019\/10\/Speed-Queen1.jpg\",\"contentUrl\":\"https:\/\/www.fundacioiris.org\/wp-content\/uploads\/2019\/10\/Speed-Queen1.jpg\",\"width\":1024,\"height\":413,\"caption\":\"Bugaderia Speed Queen\"},{\"@type\":\"BreadcrumbList\",\"@id\":\"https:\/\/www.fundacioiris.org\/nova-bugaderia-autoservei\/#breadcrumb\",\"itemListElement\":[{\"@type\":\"ListItem\",\"position\":1,\"name\":\"Inici\",\"item\":\"https:\/\/www.fundacioiris.org\/es\/\"},{\"@type\":\"ListItem\",\"position\":2,\"name\":\"NUEVA Lavander\u00eda Autoservicio\"}]},{\"@type\":\"WebSite\",\"@id\":\"https:\/\/www.fundacioiris.org\/es\/#website\",\"url\":\"https:\/\/www.fundacioiris.org\/es\/\",\"name\":\"Fundaci\u00f3 Iris\",\"description\":\"Desde 1973 al lado de las personas con discapacidad intelectual\",\"potentialAction\":[{\"@type\":\"SearchAction\",\"target\":{\"@type\":\"EntryPoint\",\"urlTemplate\":\"https:\/\/www.fundacioiris.org\/es\/?s={search_term_string}\"},\"query-input\":{\"@type\":\"PropertyValueSpecification\",\"valueRequired\":true,\"valueName\":\"search_term_string\"}}],\"inLanguage\":\"es\"},{\"@type\":\"Person\",\"@id\":\"https:\/\/www.fundacioiris.org\/es\/#\/schema\/person\/3424a3bd8939b591fd8b648e56175712\",\"name\":\"fundacioiris\",\"image\":{\"@type\":\"ImageObject\",\"inLanguage\":\"es\",\"@id\":\"https:\/\/www.fundacioiris.org\/es\/#\/schema\/person\/image\/\",\"url\":\"https:\/\/secure.gravatar.com\/avatar\/389e9312672899cc87be3bfec5844e8c?s=96&d=mm&r=g\",\"contentUrl\":\"https:\/\/secure.gravatar.com\/avatar\/389e9312672899cc87be3bfec5844e8c?s=96&d=mm&r=g\",\"caption\":\"fundacioiris\"},\"sameAs\":[\"https:\/\/www.facebook.com\/fundacioiris\",\"https:\/\/www.instagram.com\/fundacio_iris\/\",\"https:\/\/www.linkedin.com\/company\/fundaci-privada-iris\/?originalSubdomain=es\"]}]}<\/script>\n<!-- \/ Yoast SEO plugin. -->","yoast_head_json":{"title":"NUEVA Lavander\u00eda Autoservicio | Fundaci\u00f3 Iris","description":"\u00a1La Fundaci\u00f3n Iris est\u00e1 de estreno! Tenemos NUEVA lavander\u00eda autoservicio, ubicada en la Calle Barcelona, 219, de Sant Vicen\u00e7 dels Horts. La INAUGURACI\u00d3N","robots":{"index":"index","follow":"follow","max-snippet":"max-snippet:-1","max-image-preview":"max-image-preview:large","max-video-preview":"max-video-preview:-1"},"canonical":"https:\/\/www.fundacioiris.org\/nova-bugaderia-autoservei\/","og_locale":"es_ES","og_type":"article","og_title":"NUEVA Lavander\u00eda Autoservicio | Fundaci\u00f3 Iris","og_description":"\u00a1La Fundaci\u00f3n Iris est\u00e1 de estreno! Tenemos NUEVA lavander\u00eda autoservicio, ubicada en la Calle Barcelona, 219, de Sant Vicen\u00e7 dels Horts. La INAUGURACI\u00d3N","og_url":"https:\/\/www.fundacioiris.org\/nova-bugaderia-autoservei\/","og_site_name":"Fundaci\u00f3 Iris","article_author":"https:\/\/www.facebook.com\/fundacioiris","article_published_time":"2019-10-04T14:59:16+00:00","og_image":[{"width":1024,"height":413,"url":"https:\/\/www.fundacioiris.org\/wp-content\/uploads\/2019\/10\/Speed-Queen1.jpg","type":"image\/jpeg"}],"author":"fundacioiris","twitter_card":"summary_large_image","twitter_misc":{"Escrito por":"fundacioiris"},"schema":{"@context":"https:\/\/schema.org","@graph":[{"@type":"WebPage","@id":"https:\/\/www.fundacioiris.org\/nova-bugaderia-autoservei\/","url":"https:\/\/www.fundacioiris.org\/nova-bugaderia-autoservei\/","name":"NUEVA Lavander\u00eda Autoservicio | Fundaci\u00f3 Iris","isPartOf":{"@id":"https:\/\/www.fundacioiris.org\/es\/#website"},"primaryImageOfPage":{"@id":"https:\/\/www.fundacioiris.org\/nova-bugaderia-autoservei\/#primaryimage"},"image":{"@id":"https:\/\/www.fundacioiris.org\/nova-bugaderia-autoservei\/#primaryimage"},"thumbnailUrl":"https:\/\/www.fundacioiris.org\/wp-content\/uploads\/2019\/10\/Speed-Queen1.jpg","datePublished":"2019-10-04T14:59:16+00:00","author":{"@id":"https:\/\/www.fundacioiris.org\/es\/#\/schema\/person\/3424a3bd8939b591fd8b648e56175712"},"description":"\u00a1La Fundaci\u00f3n Iris est\u00e1 de estreno! Tenemos NUEVA lavander\u00eda autoservicio, ubicada en la Calle Barcelona, 219, de Sant Vicen\u00e7 dels Horts. La INAUGURACI\u00d3N","breadcrumb":{"@id":"https:\/\/www.fundacioiris.org\/nova-bugaderia-autoservei\/#breadcrumb"},"inLanguage":"es","potentialAction":[{"@type":"ReadAction","target":["https:\/\/www.fundacioiris.org\/nova-bugaderia-autoservei\/"]}]},{"@type":"ImageObject","inLanguage":"es","@id":"https:\/\/www.fundacioiris.org\/nova-bugaderia-autoservei\/#primaryimage","url":"https:\/\/www.fundacioiris.org\/wp-content\/uploads\/2019\/10\/Speed-Queen1.jpg","contentUrl":"https:\/\/www.fundacioiris.org\/wp-content\/uploads\/2019\/10\/Speed-Queen1.jpg","width":1024,"height":413,"caption":"Bugaderia Speed Queen"},{"@type":"BreadcrumbList","@id":"https:\/\/www.fundacioiris.org\/nova-bugaderia-autoservei\/#breadcrumb","itemListElement":[{"@type":"ListItem","position":1,"name":"Inici","item":"https:\/\/www.fundacioiris.org\/es\/"},{"@type":"ListItem","position":2,"name":"NUEVA Lavander\u00eda Autoservicio"}]},{"@type":"WebSite","@id":"https:\/\/www.fundacioiris.org\/es\/#website","url":"https:\/\/www.fundacioiris.org\/es\/","name":"Fundaci\u00f3 Iris","description":"Desde 1973 al lado de las personas con discapacidad intelectual","potentialAction":[{"@type":"SearchAction","target":{"@type":"EntryPoint","urlTemplate":"https:\/\/www.fundacioiris.org\/es\/?s={search_term_string}"},"query-input":{"@type":"PropertyValueSpecification","valueRequired":true,"valueName":"search_term_string"}}],"inLanguage":"es"},{"@type":"Person","@id":"https:\/\/www.fundacioiris.org\/es\/#\/schema\/person\/3424a3bd8939b591fd8b648e56175712","name":"fundacioiris","image":{"@type":"ImageObject","inLanguage":"es","@id":"https:\/\/www.fundacioiris.org\/es\/#\/schema\/person\/image\/","url":"https:\/\/secure.gravatar.com\/avatar\/389e9312672899cc87be3bfec5844e8c?s=96&d=mm&r=g","contentUrl":"https:\/\/secure.gravatar.com\/avatar\/389e9312672899cc87be3bfec5844e8c?s=96&d=mm&r=g","caption":"fundacioiris"},"sameAs":["https:\/\/www.facebook.com\/fundacioiris","https:\/\/www.instagram.com\/fundacio_iris\/","https:\/\/www.linkedin.com\/company\/fundaci-privada-iris\/?originalSubdomain=es"]}]}},"_links":{"self":[{"href":"https:\/\/www.fundacioiris.org\/es\/wp-json\/wp\/v2\/posts\/2706"}],"collection":[{"href":"https:\/\/www.fundacioiris.org\/es\/wp-json\/wp\/v2\/posts"}],"about":[{"href":"https:\/\/www.fundacioiris.org\/es\/wp-json\/wp\/v2\/types\/post"}],"author":[{"embeddable":true,"href":"https:\/\/www.fundacioiris.org\/es\/wp-json\/wp\/v2\/users\/3"}],"replies":[{"embeddable":true,"href":"https:\/\/www.fundacioiris.org\/es\/wp-json\/wp\/v2\/comments?post=2706"}],"version-history":[{"count":1,"href":"https:\/\/www.fundacioiris.org\/es\/wp-json\/wp\/v2\/posts\/2706\/revisions"}],"predecessor-version":[{"id":2707,"href":"https:\/\/www.fundacioiris.org\/es\/wp-json\/wp\/v2\/posts\/2706\/revisions\/2707"}],"wp:featuredmedia":[{"embeddable":true,"href":"https:\/\/www.fundacioiris.org\/es\/wp-json\/wp\/v2\/media\/2698"}],"wp:attachment":[{"href":"https:\/\/www.fundacioiris.org\/es\/wp-json\/wp\/v2\/media?parent=2706"}],"wp:term":[{"taxonomy":"category","embeddable":true,"href":"https:\/\/www.fundacioiris.org\/es\/wp-json\/wp\/v2\/categories?post=2706"},{"taxonomy":"post_tag","embeddable":true,"href":"https:\/\/www.fundacioiris.org\/es\/wp-json\/wp\/v2\/tags?post=2706"}],"curies":[{"name":"wp","href":"https:\/\/api.w.org\/{rel}","templated":true}]}}