{"id":2222,"date":"2015-12-15T14:09:00","date_gmt":"2015-12-15T12:09:00","guid":{"rendered":"http:\/\/www.fundacioiris.org\/news\/es_ES\/2015\/12\/15\/0001\/bombones-y-escuela-iris"},"modified":"2019-06-25T19:06:50","modified_gmt":"2019-06-25T17:06:50","slug":"bombones-y-escuela-iris","status":"publish","type":"post","link":"https:\/\/www.fundacioiris.org\/es\/bombones-y-escuela-iris\/","title":{"rendered":"Bombones y Escuela Iris"},"content":{"rendered":"<p>\nLos alumnos de la escuela de educaci\u00f3n especial de la Fundaci\u00f3n Iris nos ense\u00f1an a hacer bombones a cambio de nuestra solidaridad!<br \/>\nQuer\u00e9is ver c\u00f3mo lo hacen?<br \/>\n\u00a0<\/p>\n<div><\/div>\n<div>\n<span style=\"font-size:16px;\"><u>Bombones solidarios a cambio de alimentos<\/u> es un proyecto llevado a cabo entre la Concejal\u00eda de Solidaridad, Cooperaci\u00f3n y Voluntariado del Ayuntamiento de Sant Vicen\u00e7 dels Horts, el Centro de Educaci\u00f3n Especial IRIS y la Asociaci\u00f3n Solidaria por el Voluntariado Vicentino, a trav\u00e9s del cual alumnos experimentados del CEE IRIS han ense\u00f1ado, con un taller culinario, a elaborar bombones y reposter\u00eda que posteriormente distribuir\u00e1n en peque\u00f1as cajas de regalo. Estas cajas de \u00bb bombones solidarios\u00bb se dar\u00e1n a cambio de cualquier donaci\u00f3n de alimentos que un particular quiera hacer a la Despensa Solidaria.<\/span><\/p>\n<p><span style=\"font-size:16px;\">Quer\u00e9is ver c\u00f3mo lo hacen?<\/span><br \/>\n<span style=\"font-size:16px;\"><a href=\"https:\/\/www.youtube.com\/watch?v=HgC5x8ZXqZc\" target=\"_blank\" rel=\"noopener noreferrer\">https:\/\/www.youtube.com\/watch?v=HgC5x8ZXqZc<\/a><\/span><\/p>\n<p>\u00a0<\/p><\/div>\n","protected":false},"excerpt":{"rendered":"<p>Los alumnos de la escuela de educaci\u00f3n especial de la Fundaci\u00f3n Iris nos ense\u00f1an a hacer bombones a cambio de nuestra solidaridad! Quer\u00e9is ver c\u00f3mo lo hacen? \u00a0 Bombones solidarios a cambio de alimentos es un proyecto llevado a cabo entre la Concejal\u00eda de Solidaridad, Cooperaci\u00f3n y Voluntariado del Ayuntamiento de Sant Vicen\u00e7 dels Horts,<\/p>\n","protected":false},"author":3,"featured_media":0,"comment_status":"closed","ping_status":"closed","sticky":false,"template":"","format":"standard","meta":{"_acf_changed":false,"footnotes":""},"categories":[26],"tags":[],"acf":[],"yoast_head":"<!-- This site is optimized with the Yoast SEO plugin v24.5 - https:\/\/yoast.com\/wordpress\/plugins\/seo\/ -->\n<title>Bombones y Escuela Iris | Fundaci\u00f3 Iris<\/title>\n<meta name=\"description\" content=\"Los alumnos de la escuela de educaci\u00f3n especial de la Fundaci\u00f3n Iris nos ense\u00f1an a hacer bombones a cambio de nuestra solidaridad! Quer\u00e9is ver c\u00f3mo lo\" \/>\n<meta name=\"robots\" content=\"index, follow, max-snippet:-1, max-image-preview:large, max-video-preview:-1\" \/>\n<link rel=\"canonical\" href=\"https:\/\/www.fundacioiris.org\/bombons-i-escola-iris\/\" \/>\n<meta property=\"og:locale\" content=\"es_ES\" \/>\n<meta property=\"og:type\" content=\"article\" \/>\n<meta property=\"og:title\" content=\"Bombones y Escuela Iris | Fundaci\u00f3 Iris\" \/>\n<meta property=\"og:description\" content=\"Los alumnos de la escuela de educaci\u00f3n especial de la Fundaci\u00f3n Iris nos ense\u00f1an a hacer bombones a cambio de nuestra solidaridad! Quer\u00e9is ver c\u00f3mo lo\" \/>\n<meta property=\"og:url\" content=\"https:\/\/www.fundacioiris.org\/bombons-i-escola-iris\/\" \/>\n<meta property=\"og:site_name\" content=\"Fundaci\u00f3 Iris\" \/>\n<meta property=\"article:author\" content=\"https:\/\/www.facebook.com\/fundacioiris\" \/>\n<meta property=\"article:published_time\" content=\"2015-12-15T12:09:00+00:00\" \/>\n<meta property=\"article:modified_time\" content=\"2019-06-25T17:06:50+00:00\" \/>\n<meta name=\"author\" content=\"fundacioiris\" \/>\n<meta name=\"twitter:card\" content=\"summary_large_image\" \/>\n<meta name=\"twitter:label1\" content=\"Escrito por\" \/>\n\t<meta name=\"twitter:data1\" content=\"fundacioiris\" \/>\n\t<meta name=\"twitter:label2\" content=\"Tiempo de lectura\" \/>\n\t<meta name=\"twitter:data2\" content=\"1 minuto\" \/>\n<script type=\"application\/ld+json\" class=\"yoast-schema-graph\">{\"@context\":\"https:\/\/schema.org\",\"@graph\":[{\"@type\":\"WebPage\",\"@id\":\"https:\/\/www.fundacioiris.org\/bombons-i-escola-iris\/\",\"url\":\"https:\/\/www.fundacioiris.org\/bombons-i-escola-iris\/\",\"name\":\"Bombones y Escuela Iris | Fundaci\u00f3 Iris\",\"isPartOf\":{\"@id\":\"https:\/\/www.fundacioiris.org\/es\/#website\"},\"datePublished\":\"2015-12-15T12:09:00+00:00\",\"dateModified\":\"2019-06-25T17:06:50+00:00\",\"author\":{\"@id\":\"https:\/\/www.fundacioiris.org\/es\/#\/schema\/person\/3424a3bd8939b591fd8b648e56175712\"},\"description\":\"Los alumnos de la escuela de educaci\u00f3n especial de la Fundaci\u00f3n Iris nos ense\u00f1an a hacer bombones a cambio de nuestra solidaridad! Quer\u00e9is ver c\u00f3mo lo\",\"breadcrumb\":{\"@id\":\"https:\/\/www.fundacioiris.org\/bombons-i-escola-iris\/#breadcrumb\"},\"inLanguage\":\"es\",\"potentialAction\":[{\"@type\":\"ReadAction\",\"target\":[\"https:\/\/www.fundacioiris.org\/bombons-i-escola-iris\/\"]}]},{\"@type\":\"BreadcrumbList\",\"@id\":\"https:\/\/www.fundacioiris.org\/bombons-i-escola-iris\/#breadcrumb\",\"itemListElement\":[{\"@type\":\"ListItem\",\"position\":1,\"name\":\"Inici\",\"item\":\"https:\/\/www.fundacioiris.org\/es\/\"},{\"@type\":\"ListItem\",\"position\":2,\"name\":\"Bombones y Escuela Iris\"}]},{\"@type\":\"WebSite\",\"@id\":\"https:\/\/www.fundacioiris.org\/es\/#website\",\"url\":\"https:\/\/www.fundacioiris.org\/es\/\",\"name\":\"Fundaci\u00f3 Iris\",\"description\":\"Desde 1973 al lado de las personas con discapacidad intelectual\",\"potentialAction\":[{\"@type\":\"SearchAction\",\"target\":{\"@type\":\"EntryPoint\",\"urlTemplate\":\"https:\/\/www.fundacioiris.org\/es\/?s={search_term_string}\"},\"query-input\":{\"@type\":\"PropertyValueSpecification\",\"valueRequired\":true,\"valueName\":\"search_term_string\"}}],\"inLanguage\":\"es\"},{\"@type\":\"Person\",\"@id\":\"https:\/\/www.fundacioiris.org\/es\/#\/schema\/person\/3424a3bd8939b591fd8b648e56175712\",\"name\":\"fundacioiris\",\"image\":{\"@type\":\"ImageObject\",\"inLanguage\":\"es\",\"@id\":\"https:\/\/www.fundacioiris.org\/es\/#\/schema\/person\/image\/\",\"url\":\"https:\/\/secure.gravatar.com\/avatar\/389e9312672899cc87be3bfec5844e8c?s=96&d=mm&r=g\",\"contentUrl\":\"https:\/\/secure.gravatar.com\/avatar\/389e9312672899cc87be3bfec5844e8c?s=96&d=mm&r=g\",\"caption\":\"fundacioiris\"},\"sameAs\":[\"https:\/\/www.facebook.com\/fundacioiris\",\"https:\/\/www.instagram.com\/fundacio_iris\/\",\"https:\/\/www.linkedin.com\/company\/fundaci-privada-iris\/?originalSubdomain=es\"]}]}<\/script>\n<!-- \/ Yoast SEO plugin. -->","yoast_head_json":{"title":"Bombones y Escuela Iris | Fundaci\u00f3 Iris","description":"Los alumnos de la escuela de educaci\u00f3n especial de la Fundaci\u00f3n Iris nos ense\u00f1an a hacer bombones a cambio de nuestra solidaridad! Quer\u00e9is ver c\u00f3mo lo","robots":{"index":"index","follow":"follow","max-snippet":"max-snippet:-1","max-image-preview":"max-image-preview:large","max-video-preview":"max-video-preview:-1"},"canonical":"https:\/\/www.fundacioiris.org\/bombons-i-escola-iris\/","og_locale":"es_ES","og_type":"article","og_title":"Bombones y Escuela Iris | Fundaci\u00f3 Iris","og_description":"Los alumnos de la escuela de educaci\u00f3n especial de la Fundaci\u00f3n Iris nos ense\u00f1an a hacer bombones a cambio de nuestra solidaridad! Quer\u00e9is ver c\u00f3mo lo","og_url":"https:\/\/www.fundacioiris.org\/bombons-i-escola-iris\/","og_site_name":"Fundaci\u00f3 Iris","article_author":"https:\/\/www.facebook.com\/fundacioiris","article_published_time":"2015-12-15T12:09:00+00:00","article_modified_time":"2019-06-25T17:06:50+00:00","author":"fundacioiris","twitter_card":"summary_large_image","twitter_misc":{"Escrito por":"fundacioiris","Tiempo de lectura":"1 minuto"},"schema":{"@context":"https:\/\/schema.org","@graph":[{"@type":"WebPage","@id":"https:\/\/www.fundacioiris.org\/bombons-i-escola-iris\/","url":"https:\/\/www.fundacioiris.org\/bombons-i-escola-iris\/","name":"Bombones y Escuela Iris | Fundaci\u00f3 Iris","isPartOf":{"@id":"https:\/\/www.fundacioiris.org\/es\/#website"},"datePublished":"2015-12-15T12:09:00+00:00","dateModified":"2019-06-25T17:06:50+00:00","author":{"@id":"https:\/\/www.fundacioiris.org\/es\/#\/schema\/person\/3424a3bd8939b591fd8b648e56175712"},"description":"Los alumnos de la escuela de educaci\u00f3n especial de la Fundaci\u00f3n Iris nos ense\u00f1an a hacer bombones a cambio de nuestra solidaridad! Quer\u00e9is ver c\u00f3mo lo","breadcrumb":{"@id":"https:\/\/www.fundacioiris.org\/bombons-i-escola-iris\/#breadcrumb"},"inLanguage":"es","potentialAction":[{"@type":"ReadAction","target":["https:\/\/www.fundacioiris.org\/bombons-i-escola-iris\/"]}]},{"@type":"BreadcrumbList","@id":"https:\/\/www.fundacioiris.org\/bombons-i-escola-iris\/#breadcrumb","itemListElement":[{"@type":"ListItem","position":1,"name":"Inici","item":"https:\/\/www.fundacioiris.org\/es\/"},{"@type":"ListItem","position":2,"name":"Bombones y Escuela Iris"}]},{"@type":"WebSite","@id":"https:\/\/www.fundacioiris.org\/es\/#website","url":"https:\/\/www.fundacioiris.org\/es\/","name":"Fundaci\u00f3 Iris","description":"Desde 1973 al lado de las personas con discapacidad intelectual","potentialAction":[{"@type":"SearchAction","target":{"@type":"EntryPoint","urlTemplate":"https:\/\/www.fundacioiris.org\/es\/?s={search_term_string}"},"query-input":{"@type":"PropertyValueSpecification","valueRequired":true,"valueName":"search_term_string"}}],"inLanguage":"es"},{"@type":"Person","@id":"https:\/\/www.fundacioiris.org\/es\/#\/schema\/person\/3424a3bd8939b591fd8b648e56175712","name":"fundacioiris","image":{"@type":"ImageObject","inLanguage":"es","@id":"https:\/\/www.fundacioiris.org\/es\/#\/schema\/person\/image\/","url":"https:\/\/secure.gravatar.com\/avatar\/389e9312672899cc87be3bfec5844e8c?s=96&d=mm&r=g","contentUrl":"https:\/\/secure.gravatar.com\/avatar\/389e9312672899cc87be3bfec5844e8c?s=96&d=mm&r=g","caption":"fundacioiris"},"sameAs":["https:\/\/www.facebook.com\/fundacioiris","https:\/\/www.instagram.com\/fundacio_iris\/","https:\/\/www.linkedin.com\/company\/fundaci-privada-iris\/?originalSubdomain=es"]}]}},"_links":{"self":[{"href":"https:\/\/www.fundacioiris.org\/es\/wp-json\/wp\/v2\/posts\/2222"}],"collection":[{"href":"https:\/\/www.fundacioiris.org\/es\/wp-json\/wp\/v2\/posts"}],"about":[{"href":"https:\/\/www.fundacioiris.org\/es\/wp-json\/wp\/v2\/types\/post"}],"author":[{"embeddable":true,"href":"https:\/\/www.fundacioiris.org\/es\/wp-json\/wp\/v2\/users\/3"}],"replies":[{"embeddable":true,"href":"https:\/\/www.fundacioiris.org\/es\/wp-json\/wp\/v2\/comments?post=2222"}],"version-history":[{"count":1,"href":"https:\/\/www.fundacioiris.org\/es\/wp-json\/wp\/v2\/posts\/2222\/revisions"}],"predecessor-version":[{"id":2483,"href":"https:\/\/www.fundacioiris.org\/es\/wp-json\/wp\/v2\/posts\/2222\/revisions\/2483"}],"wp:attachment":[{"href":"https:\/\/www.fundacioiris.org\/es\/wp-json\/wp\/v2\/media?parent=2222"}],"wp:term":[{"taxonomy":"category","embeddable":true,"href":"https:\/\/www.fundacioiris.org\/es\/wp-json\/wp\/v2\/categories?post=2222"},{"taxonomy":"post_tag","embeddable":true,"href":"https:\/\/www.fundacioiris.org\/es\/wp-json\/wp\/v2\/tags?post=2222"}],"curies":[{"name":"wp","href":"https:\/\/api.w.org\/{rel}","templated":true}]}}