{"id":6576,"date":"2026-04-29T11:21:08","date_gmt":"2026-04-29T09:21:08","guid":{"rendered":"https:\/\/www.fundacioiris.org\/?p=6576"},"modified":"2026-04-30T11:23:29","modified_gmt":"2026-04-30T09:23:29","slug":"el-voluntariado-de-la-fundacio-iris-participa-en-el-30o-aniversario-del-casal-de-la-gent-gran-de-la-colonia-guell","status":"publish","type":"post","link":"https:\/\/www.fundacioiris.org\/es\/el-voluntariado-de-la-fundacio-iris-participa-en-el-30o-aniversario-del-casal-de-la-gent-gran-de-la-colonia-guell\/","title":{"rendered":"El voluntariado de la Fundaci\u00f3 Iris participa en el 30\u00ba aniversario del Casal de la Gent Gran de la Col\u00f2nia G\u00fcell"},"content":{"rendered":"<p data-start=\"430\" data-end=\"652\">Este domingo, un grupo de personas participantes en el programa de voluntariado de la Fundaci\u00f3 Iris colabor\u00f3 en la celebraci\u00f3n del 30\u00ba aniversario del Casal de la Gent Gran de la Col\u00f2nia G\u00fcell, en Santa Coloma de Cervell\u00f3.<\/p>\n<p data-start=\"654\" data-end=\"893\">Su participaci\u00f3n se centr\u00f3 en el apoyo a la organizaci\u00f3n de la comida comunitaria, contribuyendo a los preparativos y al buen desarrollo de la jornada. La actividad reuni\u00f3 a cerca de noventa personas en un ambiente cercano y participativo.<\/p>\n<p data-start=\"895\" data-end=\"1172\">Esta acci\u00f3n se enmarca dentro del programa estable de voluntariado de la Fundaci\u00f3 Iris, que promueve la implicaci\u00f3n activa de las personas con discapacidad intelectual en la vida comunitaria, fomentando la participaci\u00f3n, las relaciones sociales y el sentimiento de pertenencia.<\/p>\n<p data-start=\"1174\" data-end=\"1325\">Iniciativas como esta contribuyen a construir entornos m\u00e1s inclusivos, donde todas las personas pueden participar y aportar en igualdad de condiciones.<\/p>\n<p data-start=\"1174\" data-end=\"1325\"><img loading=\"lazy\" decoding=\"async\" class=\"alignnone size-large wp-image-6569\" src=\"http:\/\/www.fundacioiris.org\/wp-content\/uploads\/2026\/04\/2-1-819x1024.jpg\" alt=\"\" width=\"819\" height=\"1024\" srcset=\"https:\/\/www.fundacioiris.org\/wp-content\/uploads\/2026\/04\/2-1-819x1024.jpg 819w, https:\/\/www.fundacioiris.org\/wp-content\/uploads\/2026\/04\/2-1-240x300.jpg 240w, https:\/\/www.fundacioiris.org\/wp-content\/uploads\/2026\/04\/2-1-768x960.jpg 768w, https:\/\/www.fundacioiris.org\/wp-content\/uploads\/2026\/04\/2-1.jpg 1080w\" sizes=\"(max-width: 819px) 100vw, 819px\" \/><img loading=\"lazy\" decoding=\"async\" class=\"alignnone size-large wp-image-6571\" src=\"http:\/\/www.fundacioiris.org\/wp-content\/uploads\/2026\/04\/3-3-819x1024.jpg\" alt=\"\" width=\"819\" height=\"1024\" srcset=\"https:\/\/www.fundacioiris.org\/wp-content\/uploads\/2026\/04\/3-3-819x1024.jpg 819w, https:\/\/www.fundacioiris.org\/wp-content\/uploads\/2026\/04\/3-3-240x300.jpg 240w, https:\/\/www.fundacioiris.org\/wp-content\/uploads\/2026\/04\/3-3-768x960.jpg 768w, https:\/\/www.fundacioiris.org\/wp-content\/uploads\/2026\/04\/3-3.jpg 1080w\" sizes=\"(max-width: 819px) 100vw, 819px\" \/><img loading=\"lazy\" decoding=\"async\" class=\"alignnone size-large wp-image-6573\" src=\"http:\/\/www.fundacioiris.org\/wp-content\/uploads\/2026\/04\/4-4-819x1024.jpg\" alt=\"\" width=\"819\" height=\"1024\" srcset=\"https:\/\/www.fundacioiris.org\/wp-content\/uploads\/2026\/04\/4-4-819x1024.jpg 819w, https:\/\/www.fundacioiris.org\/wp-content\/uploads\/2026\/04\/4-4-240x300.jpg 240w, https:\/\/www.fundacioiris.org\/wp-content\/uploads\/2026\/04\/4-4-768x960.jpg 768w, https:\/\/www.fundacioiris.org\/wp-content\/uploads\/2026\/04\/4-4.jpg 1080w\" sizes=\"(max-width: 819px) 100vw, 819px\" \/><\/p>\n","protected":false},"excerpt":{"rendered":"<p>Este domingo, un grupo de personas participantes en el programa de voluntariado de la Fundaci\u00f3 Iris colabor\u00f3 en la celebraci\u00f3n del 30\u00ba aniversario del Casal de la Gent Gran de la Col\u00f2nia G\u00fcell, en Santa Coloma de Cervell\u00f3. Su participaci\u00f3n se centr\u00f3 en el apoyo a la organizaci\u00f3n de la comida comunitaria, contribuyendo a los<\/p>\n","protected":false},"author":3,"featured_media":6573,"comment_status":"closed","ping_status":"closed","sticky":false,"template":"","format":"standard","meta":{"_acf_changed":false,"footnotes":""},"categories":[26],"tags":[],"acf":[],"yoast_head":"<!-- This site is optimized with the Yoast SEO plugin v24.5 - https:\/\/yoast.com\/wordpress\/plugins\/seo\/ -->\n<title>El voluntariado de la Fundaci\u00f3 Iris participa en el 30\u00ba aniversario del Casal de la Gent Gran de la Col\u00f2nia G\u00fcell | Fundaci\u00f3 Iris<\/title>\n<meta name=\"description\" content=\"Este domingo, un grupo de personas participantes en el programa de voluntariado de la Fundaci\u00f3 Iris colabor\u00f3 en la celebraci\u00f3n del 30\u00ba aniversario del\" \/>\n<meta name=\"robots\" content=\"index, follow, max-snippet:-1, max-image-preview:large, max-video-preview:-1\" \/>\n<link rel=\"canonical\" href=\"https:\/\/www.fundacioiris.org\/es\/el-voluntariado-de-la-fundacio-iris-participa-en-el-30o-aniversario-del-casal-de-la-gent-gran-de-la-colonia-guell\/\" \/>\n<meta property=\"og:locale\" content=\"es_ES\" \/>\n<meta property=\"og:type\" content=\"article\" \/>\n<meta property=\"og:title\" content=\"El voluntariado de la Fundaci\u00f3 Iris participa en el 30\u00ba aniversario del Casal de la Gent Gran de la Col\u00f2nia G\u00fcell | Fundaci\u00f3 Iris\" \/>\n<meta property=\"og:description\" content=\"Este domingo, un grupo de personas participantes en el programa de voluntariado de la Fundaci\u00f3 Iris colabor\u00f3 en la celebraci\u00f3n del 30\u00ba aniversario del\" \/>\n<meta property=\"og:url\" content=\"https:\/\/www.fundacioiris.org\/es\/el-voluntariado-de-la-fundacio-iris-participa-en-el-30o-aniversario-del-casal-de-la-gent-gran-de-la-colonia-guell\/\" \/>\n<meta property=\"og:site_name\" content=\"Fundaci\u00f3 Iris\" \/>\n<meta property=\"article:author\" content=\"https:\/\/www.facebook.com\/fundacioiris\" \/>\n<meta property=\"article:published_time\" content=\"2026-04-29T09:21:08+00:00\" \/>\n<meta property=\"article:modified_time\" content=\"2026-04-30T09:23:29+00:00\" \/>\n<meta property=\"og:image\" content=\"http:\/\/www.fundacioiris.org\/wp-content\/uploads\/2026\/04\/4-4.jpg\" \/>\n\t<meta property=\"og:image:width\" content=\"1080\" \/>\n\t<meta property=\"og:image:height\" content=\"1350\" \/>\n\t<meta property=\"og:image:type\" content=\"image\/jpeg\" \/>\n<meta name=\"author\" content=\"fundacioiris\" \/>\n<meta name=\"twitter:card\" content=\"summary_large_image\" \/>\n<meta name=\"twitter:label1\" content=\"Escrito por\" \/>\n\t<meta name=\"twitter:data1\" content=\"fundacioiris\" \/>\n\t<meta name=\"twitter:label2\" content=\"Tiempo de lectura\" \/>\n\t<meta name=\"twitter:data2\" content=\"2 minutos\" \/>\n<script type=\"application\/ld+json\" class=\"yoast-schema-graph\">{\"@context\":\"https:\/\/schema.org\",\"@graph\":[{\"@type\":\"WebPage\",\"@id\":\"https:\/\/www.fundacioiris.org\/es\/el-voluntariado-de-la-fundacio-iris-participa-en-el-30o-aniversario-del-casal-de-la-gent-gran-de-la-colonia-guell\/\",\"url\":\"https:\/\/www.fundacioiris.org\/es\/el-voluntariado-de-la-fundacio-iris-participa-en-el-30o-aniversario-del-casal-de-la-gent-gran-de-la-colonia-guell\/\",\"name\":\"El voluntariado de la Fundaci\u00f3 Iris participa en el 30\u00ba aniversario del Casal de la Gent Gran de la Col\u00f2nia G\u00fcell | Fundaci\u00f3 Iris\",\"isPartOf\":{\"@id\":\"https:\/\/www.fundacioiris.org\/es\/#website\"},\"primaryImageOfPage\":{\"@id\":\"https:\/\/www.fundacioiris.org\/es\/el-voluntariado-de-la-fundacio-iris-participa-en-el-30o-aniversario-del-casal-de-la-gent-gran-de-la-colonia-guell\/#primaryimage\"},\"image\":{\"@id\":\"https:\/\/www.fundacioiris.org\/es\/el-voluntariado-de-la-fundacio-iris-participa-en-el-30o-aniversario-del-casal-de-la-gent-gran-de-la-colonia-guell\/#primaryimage\"},\"thumbnailUrl\":\"https:\/\/www.fundacioiris.org\/wp-content\/uploads\/2026\/04\/4-4.jpg\",\"datePublished\":\"2026-04-29T09:21:08+00:00\",\"dateModified\":\"2026-04-30T09:23:29+00:00\",\"author\":{\"@id\":\"https:\/\/www.fundacioiris.org\/es\/#\/schema\/person\/3424a3bd8939b591fd8b648e56175712\"},\"description\":\"Este domingo, un grupo de personas participantes en el programa de voluntariado de la Fundaci\u00f3 Iris colabor\u00f3 en la celebraci\u00f3n del 30\u00ba aniversario del\",\"breadcrumb\":{\"@id\":\"https:\/\/www.fundacioiris.org\/es\/el-voluntariado-de-la-fundacio-iris-participa-en-el-30o-aniversario-del-casal-de-la-gent-gran-de-la-colonia-guell\/#breadcrumb\"},\"inLanguage\":\"es\",\"potentialAction\":[{\"@type\":\"ReadAction\",\"target\":[\"https:\/\/www.fundacioiris.org\/es\/el-voluntariado-de-la-fundacio-iris-participa-en-el-30o-aniversario-del-casal-de-la-gent-gran-de-la-colonia-guell\/\"]}]},{\"@type\":\"ImageObject\",\"inLanguage\":\"es\",\"@id\":\"https:\/\/www.fundacioiris.org\/es\/el-voluntariado-de-la-fundacio-iris-participa-en-el-30o-aniversario-del-casal-de-la-gent-gran-de-la-colonia-guell\/#primaryimage\",\"url\":\"https:\/\/www.fundacioiris.org\/wp-content\/uploads\/2026\/04\/4-4.jpg\",\"contentUrl\":\"https:\/\/www.fundacioiris.org\/wp-content\/uploads\/2026\/04\/4-4.jpg\",\"width\":1080,\"height\":1350},{\"@type\":\"BreadcrumbList\",\"@id\":\"https:\/\/www.fundacioiris.org\/es\/el-voluntariado-de-la-fundacio-iris-participa-en-el-30o-aniversario-del-casal-de-la-gent-gran-de-la-colonia-guell\/#breadcrumb\",\"itemListElement\":[{\"@type\":\"ListItem\",\"position\":1,\"name\":\"Inici\",\"item\":\"https:\/\/www.fundacioiris.org\/es\/\"},{\"@type\":\"ListItem\",\"position\":2,\"name\":\"El voluntariado de la Fundaci\u00f3 Iris participa en el 30\u00ba aniversario del Casal de la Gent Gran de la Col\u00f2nia G\u00fcell\"}]},{\"@type\":\"WebSite\",\"@id\":\"https:\/\/www.fundacioiris.org\/es\/#website\",\"url\":\"https:\/\/www.fundacioiris.org\/es\/\",\"name\":\"Fundaci\u00f3 Iris\",\"description\":\"Desde 1973 al lado de las personas con discapacidad intelectual\",\"potentialAction\":[{\"@type\":\"SearchAction\",\"target\":{\"@type\":\"EntryPoint\",\"urlTemplate\":\"https:\/\/www.fundacioiris.org\/es\/?s={search_term_string}\"},\"query-input\":{\"@type\":\"PropertyValueSpecification\",\"valueRequired\":true,\"valueName\":\"search_term_string\"}}],\"inLanguage\":\"es\"},{\"@type\":\"Person\",\"@id\":\"https:\/\/www.fundacioiris.org\/es\/#\/schema\/person\/3424a3bd8939b591fd8b648e56175712\",\"name\":\"fundacioiris\",\"image\":{\"@type\":\"ImageObject\",\"inLanguage\":\"es\",\"@id\":\"https:\/\/www.fundacioiris.org\/es\/#\/schema\/person\/image\/\",\"url\":\"https:\/\/secure.gravatar.com\/avatar\/389e9312672899cc87be3bfec5844e8c?s=96&d=mm&r=g\",\"contentUrl\":\"https:\/\/secure.gravatar.com\/avatar\/389e9312672899cc87be3bfec5844e8c?s=96&d=mm&r=g\",\"caption\":\"fundacioiris\"},\"sameAs\":[\"https:\/\/www.facebook.com\/fundacioiris\",\"https:\/\/www.instagram.com\/fundacio_iris\/\",\"https:\/\/www.linkedin.com\/company\/fundaci-privada-iris\/?originalSubdomain=es\"]}]}<\/script>\n<!-- \/ Yoast SEO plugin. -->","yoast_head_json":{"title":"El voluntariado de la Fundaci\u00f3 Iris participa en el 30\u00ba aniversario del Casal de la Gent Gran de la Col\u00f2nia G\u00fcell | Fundaci\u00f3 Iris","description":"Este domingo, un grupo de personas participantes en el programa de voluntariado de la Fundaci\u00f3 Iris colabor\u00f3 en la celebraci\u00f3n del 30\u00ba aniversario del","robots":{"index":"index","follow":"follow","max-snippet":"max-snippet:-1","max-image-preview":"max-image-preview:large","max-video-preview":"max-video-preview:-1"},"canonical":"https:\/\/www.fundacioiris.org\/es\/el-voluntariado-de-la-fundacio-iris-participa-en-el-30o-aniversario-del-casal-de-la-gent-gran-de-la-colonia-guell\/","og_locale":"es_ES","og_type":"article","og_title":"El voluntariado de la Fundaci\u00f3 Iris participa en el 30\u00ba aniversario del Casal de la Gent Gran de la Col\u00f2nia G\u00fcell | Fundaci\u00f3 Iris","og_description":"Este domingo, un grupo de personas participantes en el programa de voluntariado de la Fundaci\u00f3 Iris colabor\u00f3 en la celebraci\u00f3n del 30\u00ba aniversario del","og_url":"https:\/\/www.fundacioiris.org\/es\/el-voluntariado-de-la-fundacio-iris-participa-en-el-30o-aniversario-del-casal-de-la-gent-gran-de-la-colonia-guell\/","og_site_name":"Fundaci\u00f3 Iris","article_author":"https:\/\/www.facebook.com\/fundacioiris","article_published_time":"2026-04-29T09:21:08+00:00","article_modified_time":"2026-04-30T09:23:29+00:00","og_image":[{"width":1080,"height":1350,"url":"http:\/\/www.fundacioiris.org\/wp-content\/uploads\/2026\/04\/4-4.jpg","type":"image\/jpeg"}],"author":"fundacioiris","twitter_card":"summary_large_image","twitter_misc":{"Escrito por":"fundacioiris","Tiempo de lectura":"2 minutos"},"schema":{"@context":"https:\/\/schema.org","@graph":[{"@type":"WebPage","@id":"https:\/\/www.fundacioiris.org\/es\/el-voluntariado-de-la-fundacio-iris-participa-en-el-30o-aniversario-del-casal-de-la-gent-gran-de-la-colonia-guell\/","url":"https:\/\/www.fundacioiris.org\/es\/el-voluntariado-de-la-fundacio-iris-participa-en-el-30o-aniversario-del-casal-de-la-gent-gran-de-la-colonia-guell\/","name":"El voluntariado de la Fundaci\u00f3 Iris participa en el 30\u00ba aniversario del Casal de la Gent Gran de la Col\u00f2nia G\u00fcell | Fundaci\u00f3 Iris","isPartOf":{"@id":"https:\/\/www.fundacioiris.org\/es\/#website"},"primaryImageOfPage":{"@id":"https:\/\/www.fundacioiris.org\/es\/el-voluntariado-de-la-fundacio-iris-participa-en-el-30o-aniversario-del-casal-de-la-gent-gran-de-la-colonia-guell\/#primaryimage"},"image":{"@id":"https:\/\/www.fundacioiris.org\/es\/el-voluntariado-de-la-fundacio-iris-participa-en-el-30o-aniversario-del-casal-de-la-gent-gran-de-la-colonia-guell\/#primaryimage"},"thumbnailUrl":"https:\/\/www.fundacioiris.org\/wp-content\/uploads\/2026\/04\/4-4.jpg","datePublished":"2026-04-29T09:21:08+00:00","dateModified":"2026-04-30T09:23:29+00:00","author":{"@id":"https:\/\/www.fundacioiris.org\/es\/#\/schema\/person\/3424a3bd8939b591fd8b648e56175712"},"description":"Este domingo, un grupo de personas participantes en el programa de voluntariado de la Fundaci\u00f3 Iris colabor\u00f3 en la celebraci\u00f3n del 30\u00ba aniversario del","breadcrumb":{"@id":"https:\/\/www.fundacioiris.org\/es\/el-voluntariado-de-la-fundacio-iris-participa-en-el-30o-aniversario-del-casal-de-la-gent-gran-de-la-colonia-guell\/#breadcrumb"},"inLanguage":"es","potentialAction":[{"@type":"ReadAction","target":["https:\/\/www.fundacioiris.org\/es\/el-voluntariado-de-la-fundacio-iris-participa-en-el-30o-aniversario-del-casal-de-la-gent-gran-de-la-colonia-guell\/"]}]},{"@type":"ImageObject","inLanguage":"es","@id":"https:\/\/www.fundacioiris.org\/es\/el-voluntariado-de-la-fundacio-iris-participa-en-el-30o-aniversario-del-casal-de-la-gent-gran-de-la-colonia-guell\/#primaryimage","url":"https:\/\/www.fundacioiris.org\/wp-content\/uploads\/2026\/04\/4-4.jpg","contentUrl":"https:\/\/www.fundacioiris.org\/wp-content\/uploads\/2026\/04\/4-4.jpg","width":1080,"height":1350},{"@type":"BreadcrumbList","@id":"https:\/\/www.fundacioiris.org\/es\/el-voluntariado-de-la-fundacio-iris-participa-en-el-30o-aniversario-del-casal-de-la-gent-gran-de-la-colonia-guell\/#breadcrumb","itemListElement":[{"@type":"ListItem","position":1,"name":"Inici","item":"https:\/\/www.fundacioiris.org\/es\/"},{"@type":"ListItem","position":2,"name":"El voluntariado de la Fundaci\u00f3 Iris participa en el 30\u00ba aniversario del Casal de la Gent Gran de la Col\u00f2nia G\u00fcell"}]},{"@type":"WebSite","@id":"https:\/\/www.fundacioiris.org\/es\/#website","url":"https:\/\/www.fundacioiris.org\/es\/","name":"Fundaci\u00f3 Iris","description":"Desde 1973 al lado de las personas con discapacidad intelectual","potentialAction":[{"@type":"SearchAction","target":{"@type":"EntryPoint","urlTemplate":"https:\/\/www.fundacioiris.org\/es\/?s={search_term_string}"},"query-input":{"@type":"PropertyValueSpecification","valueRequired":true,"valueName":"search_term_string"}}],"inLanguage":"es"},{"@type":"Person","@id":"https:\/\/www.fundacioiris.org\/es\/#\/schema\/person\/3424a3bd8939b591fd8b648e56175712","name":"fundacioiris","image":{"@type":"ImageObject","inLanguage":"es","@id":"https:\/\/www.fundacioiris.org\/es\/#\/schema\/person\/image\/","url":"https:\/\/secure.gravatar.com\/avatar\/389e9312672899cc87be3bfec5844e8c?s=96&d=mm&r=g","contentUrl":"https:\/\/secure.gravatar.com\/avatar\/389e9312672899cc87be3bfec5844e8c?s=96&d=mm&r=g","caption":"fundacioiris"},"sameAs":["https:\/\/www.facebook.com\/fundacioiris","https:\/\/www.instagram.com\/fundacio_iris\/","https:\/\/www.linkedin.com\/company\/fundaci-privada-iris\/?originalSubdomain=es"]}]}},"_links":{"self":[{"href":"https:\/\/www.fundacioiris.org\/es\/wp-json\/wp\/v2\/posts\/6576"}],"collection":[{"href":"https:\/\/www.fundacioiris.org\/es\/wp-json\/wp\/v2\/posts"}],"about":[{"href":"https:\/\/www.fundacioiris.org\/es\/wp-json\/wp\/v2\/types\/post"}],"author":[{"embeddable":true,"href":"https:\/\/www.fundacioiris.org\/es\/wp-json\/wp\/v2\/users\/3"}],"replies":[{"embeddable":true,"href":"https:\/\/www.fundacioiris.org\/es\/wp-json\/wp\/v2\/comments?post=6576"}],"version-history":[{"count":1,"href":"https:\/\/www.fundacioiris.org\/es\/wp-json\/wp\/v2\/posts\/6576\/revisions"}],"predecessor-version":[{"id":6577,"href":"https:\/\/www.fundacioiris.org\/es\/wp-json\/wp\/v2\/posts\/6576\/revisions\/6577"}],"wp:featuredmedia":[{"embeddable":true,"href":"https:\/\/www.fundacioiris.org\/es\/wp-json\/wp\/v2\/media\/6573"}],"wp:attachment":[{"href":"https:\/\/www.fundacioiris.org\/es\/wp-json\/wp\/v2\/media?parent=6576"}],"wp:term":[{"taxonomy":"category","embeddable":true,"href":"https:\/\/www.fundacioiris.org\/es\/wp-json\/wp\/v2\/categories?post=6576"},{"taxonomy":"post_tag","embeddable":true,"href":"https:\/\/www.fundacioiris.org\/es\/wp-json\/wp\/v2\/tags?post=6576"}],"curies":[{"name":"wp","href":"https:\/\/api.w.org\/{rel}","templated":true}]}}