{"id":4195,"date":"2024-08-01T12:58:59","date_gmt":"2024-08-01T10:58:59","guid":{"rendered":"https:\/\/www.fundacioiris.org\/?p=4195"},"modified":"2024-08-01T12:58:59","modified_gmt":"2024-08-01T10:58:59","slug":"entrevista-a-roser-boladeras-por-fecetc","status":"publish","type":"post","link":"https:\/\/www.fundacioiris.org\/es\/entrevista-a-roser-boladeras-por-fecetc\/","title":{"rendered":"Entrevista a Roser Boladeras por FECETC"},"content":{"rendered":"<p>Compartimos con vosotros la entrevista que nuestra directora gerente, Roser\u00a0Boladeras, ha concedido a la Federaci\u00f3n de Centros Especiales de Catalu\u00f1a.<br \/>\nEn esta entrevista, Roser habla sobre los retos y los hitos conseguidos por la Fundaci\u00f3n Iris, as\u00ed como sobre su visi\u00f3n para el futuro de la Fundaci\u00f3n y su compromiso con las personas con discapacidad intelectual.<\/p>\n<p>Pod\u00e9is leer la entrevista completa en el siguiente enlace: <strong><a href=\"https:\/\/www.lafederacio.cat\/2024\/07\/10\/entrevista-roser-boladeras-directora-gerent-de-la-fundacio-iris\/\">https:\/\/www.lafederacio.cat\/2024\/07\/10\/entrevista-roser-boladeras-directora-gerent-de-la-fundacio-iris\/\u00a0<\/a><\/strong><\/p>\n<p>Gracias a La Federaci\u00f3n por darnos la oportunidad de compartir nuestra tarea y nuestros objetivos con una audiencia m\u00e1s amplia.<\/p>\n<h4><em>\u00ab&#8230;entendemos al cliente, somos cuidadosos en nuestro trabajo, nos formamos continuamente y todos nuestros trabajadores y trabajadoras se sienten implicados con la entidad y quieren ser reconocidos por su profesionalidad y la calidad de su tarea, y todo eso se ve reflejado en el resultado de su trabajo.\u00bb\u00a0<\/em><\/h4>\n<p><img loading=\"lazy\" decoding=\"async\" class=\"wp-image-4187 aligncenter\" src=\"http:\/\/www.fundacioiris.org\/wp-content\/uploads\/2024\/08\/20240412_121923-1024x576.jpg\" alt=\"\" width=\"601\" height=\"338\" srcset=\"https:\/\/www.fundacioiris.org\/wp-content\/uploads\/2024\/08\/20240412_121923-1024x576.jpg 1024w, https:\/\/www.fundacioiris.org\/wp-content\/uploads\/2024\/08\/20240412_121923-300x169.jpg 300w, https:\/\/www.fundacioiris.org\/wp-content\/uploads\/2024\/08\/20240412_121923-768x432.jpg 768w, https:\/\/www.fundacioiris.org\/wp-content\/uploads\/2024\/08\/20240412_121923-1536x864.jpg 1536w, https:\/\/www.fundacioiris.org\/wp-content\/uploads\/2024\/08\/20240412_121923-2048x1152.jpg 2048w\" sizes=\"(max-width: 601px) 100vw, 601px\" \/><\/p>\n","protected":false},"excerpt":{"rendered":"<p>Compartimos con vosotros la entrevista que nuestra directora gerente, Roser\u00a0Boladeras, ha concedido a la Federaci\u00f3n de Centros Especiales de Catalu\u00f1a. En esta entrevista, Roser habla sobre los retos y los hitos conseguidos por la Fundaci\u00f3n Iris, as\u00ed como sobre su visi\u00f3n para el futuro de la Fundaci\u00f3n y su compromiso con las personas con discapacidad<\/p>\n","protected":false},"author":3,"featured_media":4194,"comment_status":"closed","ping_status":"closed","sticky":false,"template":"","format":"standard","meta":{"_acf_changed":false,"footnotes":""},"categories":[26],"tags":[],"acf":[],"yoast_head":"<!-- This site is optimized with the Yoast SEO plugin v24.5 - https:\/\/yoast.com\/wordpress\/plugins\/seo\/ -->\n<title>Entrevista a Roser Boladeras por FECETC | Fundaci\u00f3 Iris<\/title>\n<meta name=\"description\" content=\"Compartimos con vosotros la entrevista que nuestra directora gerente, Roser\u00a0Boladeras, ha concedido a la Federaci\u00f3n de Centros Especiales de Catalu\u00f1a. En\" \/>\n<meta name=\"robots\" content=\"index, follow, max-snippet:-1, max-image-preview:large, max-video-preview:-1\" \/>\n<link rel=\"canonical\" href=\"https:\/\/www.fundacioiris.org\/entrevista-a-roser-boladeras-per-fecetc\/\" \/>\n<meta property=\"og:locale\" content=\"es_ES\" \/>\n<meta property=\"og:type\" content=\"article\" \/>\n<meta property=\"og:title\" content=\"Entrevista a Roser Boladeras por FECETC | Fundaci\u00f3 Iris\" \/>\n<meta property=\"og:description\" content=\"Compartimos con vosotros la entrevista que nuestra directora gerente, Roser\u00a0Boladeras, ha concedido a la Federaci\u00f3n de Centros Especiales de Catalu\u00f1a. En\" \/>\n<meta property=\"og:url\" content=\"https:\/\/www.fundacioiris.org\/entrevista-a-roser-boladeras-per-fecetc\/\" \/>\n<meta property=\"og:site_name\" content=\"Fundaci\u00f3 Iris\" \/>\n<meta property=\"article:author\" content=\"https:\/\/www.facebook.com\/fundacioiris\" \/>\n<meta property=\"article:published_time\" content=\"2024-08-01T10:58:59+00:00\" \/>\n<meta property=\"og:image\" content=\"https:\/\/www.fundacioiris.org\/wp-content\/uploads\/2024\/08\/dia-de-la-6.png\" \/>\n\t<meta property=\"og:image:width\" content=\"1600\" \/>\n\t<meta property=\"og:image:height\" content=\"1200\" \/>\n\t<meta property=\"og:image:type\" content=\"image\/png\" \/>\n<meta name=\"author\" content=\"fundacioiris\" \/>\n<meta name=\"twitter:card\" content=\"summary_large_image\" \/>\n<meta name=\"twitter:label1\" content=\"Escrito por\" \/>\n\t<meta name=\"twitter:data1\" content=\"fundacioiris\" \/>\n\t<meta name=\"twitter:label2\" content=\"Tiempo de lectura\" \/>\n\t<meta name=\"twitter:data2\" content=\"2 minutos\" \/>\n<script type=\"application\/ld+json\" class=\"yoast-schema-graph\">{\"@context\":\"https:\/\/schema.org\",\"@graph\":[{\"@type\":\"WebPage\",\"@id\":\"https:\/\/www.fundacioiris.org\/entrevista-a-roser-boladeras-per-fecetc\/\",\"url\":\"https:\/\/www.fundacioiris.org\/entrevista-a-roser-boladeras-per-fecetc\/\",\"name\":\"Entrevista a Roser Boladeras por FECETC | Fundaci\u00f3 Iris\",\"isPartOf\":{\"@id\":\"https:\/\/www.fundacioiris.org\/es\/#website\"},\"primaryImageOfPage\":{\"@id\":\"https:\/\/www.fundacioiris.org\/entrevista-a-roser-boladeras-per-fecetc\/#primaryimage\"},\"image\":{\"@id\":\"https:\/\/www.fundacioiris.org\/entrevista-a-roser-boladeras-per-fecetc\/#primaryimage\"},\"thumbnailUrl\":\"https:\/\/www.fundacioiris.org\/wp-content\/uploads\/2024\/08\/dia-de-la-6.png\",\"datePublished\":\"2024-08-01T10:58:59+00:00\",\"author\":{\"@id\":\"https:\/\/www.fundacioiris.org\/es\/#\/schema\/person\/3424a3bd8939b591fd8b648e56175712\"},\"description\":\"Compartimos con vosotros la entrevista que nuestra directora gerente, Roser\u00a0Boladeras, ha concedido a la Federaci\u00f3n de Centros Especiales de Catalu\u00f1a. En\",\"breadcrumb\":{\"@id\":\"https:\/\/www.fundacioiris.org\/entrevista-a-roser-boladeras-per-fecetc\/#breadcrumb\"},\"inLanguage\":\"es\",\"potentialAction\":[{\"@type\":\"ReadAction\",\"target\":[\"https:\/\/www.fundacioiris.org\/entrevista-a-roser-boladeras-per-fecetc\/\"]}]},{\"@type\":\"ImageObject\",\"inLanguage\":\"es\",\"@id\":\"https:\/\/www.fundacioiris.org\/entrevista-a-roser-boladeras-per-fecetc\/#primaryimage\",\"url\":\"https:\/\/www.fundacioiris.org\/wp-content\/uploads\/2024\/08\/dia-de-la-6.png\",\"contentUrl\":\"https:\/\/www.fundacioiris.org\/wp-content\/uploads\/2024\/08\/dia-de-la-6.png\",\"width\":1600,\"height\":1200},{\"@type\":\"BreadcrumbList\",\"@id\":\"https:\/\/www.fundacioiris.org\/entrevista-a-roser-boladeras-per-fecetc\/#breadcrumb\",\"itemListElement\":[{\"@type\":\"ListItem\",\"position\":1,\"name\":\"Inici\",\"item\":\"https:\/\/www.fundacioiris.org\/es\/\"},{\"@type\":\"ListItem\",\"position\":2,\"name\":\"Entrevista a Roser Boladeras por FECETC\"}]},{\"@type\":\"WebSite\",\"@id\":\"https:\/\/www.fundacioiris.org\/es\/#website\",\"url\":\"https:\/\/www.fundacioiris.org\/es\/\",\"name\":\"Fundaci\u00f3 Iris\",\"description\":\"Desde 1973 al lado de las personas con discapacidad intelectual\",\"potentialAction\":[{\"@type\":\"SearchAction\",\"target\":{\"@type\":\"EntryPoint\",\"urlTemplate\":\"https:\/\/www.fundacioiris.org\/es\/?s={search_term_string}\"},\"query-input\":{\"@type\":\"PropertyValueSpecification\",\"valueRequired\":true,\"valueName\":\"search_term_string\"}}],\"inLanguage\":\"es\"},{\"@type\":\"Person\",\"@id\":\"https:\/\/www.fundacioiris.org\/es\/#\/schema\/person\/3424a3bd8939b591fd8b648e56175712\",\"name\":\"fundacioiris\",\"image\":{\"@type\":\"ImageObject\",\"inLanguage\":\"es\",\"@id\":\"https:\/\/www.fundacioiris.org\/es\/#\/schema\/person\/image\/\",\"url\":\"https:\/\/secure.gravatar.com\/avatar\/389e9312672899cc87be3bfec5844e8c?s=96&d=mm&r=g\",\"contentUrl\":\"https:\/\/secure.gravatar.com\/avatar\/389e9312672899cc87be3bfec5844e8c?s=96&d=mm&r=g\",\"caption\":\"fundacioiris\"},\"sameAs\":[\"https:\/\/www.facebook.com\/fundacioiris\",\"https:\/\/www.instagram.com\/fundacio_iris\/\",\"https:\/\/www.linkedin.com\/company\/fundaci-privada-iris\/?originalSubdomain=es\"]}]}<\/script>\n<!-- \/ Yoast SEO plugin. -->","yoast_head_json":{"title":"Entrevista a Roser Boladeras por FECETC | Fundaci\u00f3 Iris","description":"Compartimos con vosotros la entrevista que nuestra directora gerente, Roser\u00a0Boladeras, ha concedido a la Federaci\u00f3n de Centros Especiales de Catalu\u00f1a. En","robots":{"index":"index","follow":"follow","max-snippet":"max-snippet:-1","max-image-preview":"max-image-preview:large","max-video-preview":"max-video-preview:-1"},"canonical":"https:\/\/www.fundacioiris.org\/entrevista-a-roser-boladeras-per-fecetc\/","og_locale":"es_ES","og_type":"article","og_title":"Entrevista a Roser Boladeras por FECETC | Fundaci\u00f3 Iris","og_description":"Compartimos con vosotros la entrevista que nuestra directora gerente, Roser\u00a0Boladeras, ha concedido a la Federaci\u00f3n de Centros Especiales de Catalu\u00f1a. En","og_url":"https:\/\/www.fundacioiris.org\/entrevista-a-roser-boladeras-per-fecetc\/","og_site_name":"Fundaci\u00f3 Iris","article_author":"https:\/\/www.facebook.com\/fundacioiris","article_published_time":"2024-08-01T10:58:59+00:00","og_image":[{"width":1600,"height":1200,"url":"https:\/\/www.fundacioiris.org\/wp-content\/uploads\/2024\/08\/dia-de-la-6.png","type":"image\/png"}],"author":"fundacioiris","twitter_card":"summary_large_image","twitter_misc":{"Escrito por":"fundacioiris","Tiempo de lectura":"2 minutos"},"schema":{"@context":"https:\/\/schema.org","@graph":[{"@type":"WebPage","@id":"https:\/\/www.fundacioiris.org\/entrevista-a-roser-boladeras-per-fecetc\/","url":"https:\/\/www.fundacioiris.org\/entrevista-a-roser-boladeras-per-fecetc\/","name":"Entrevista a Roser Boladeras por FECETC | Fundaci\u00f3 Iris","isPartOf":{"@id":"https:\/\/www.fundacioiris.org\/es\/#website"},"primaryImageOfPage":{"@id":"https:\/\/www.fundacioiris.org\/entrevista-a-roser-boladeras-per-fecetc\/#primaryimage"},"image":{"@id":"https:\/\/www.fundacioiris.org\/entrevista-a-roser-boladeras-per-fecetc\/#primaryimage"},"thumbnailUrl":"https:\/\/www.fundacioiris.org\/wp-content\/uploads\/2024\/08\/dia-de-la-6.png","datePublished":"2024-08-01T10:58:59+00:00","author":{"@id":"https:\/\/www.fundacioiris.org\/es\/#\/schema\/person\/3424a3bd8939b591fd8b648e56175712"},"description":"Compartimos con vosotros la entrevista que nuestra directora gerente, Roser\u00a0Boladeras, ha concedido a la Federaci\u00f3n de Centros Especiales de Catalu\u00f1a. En","breadcrumb":{"@id":"https:\/\/www.fundacioiris.org\/entrevista-a-roser-boladeras-per-fecetc\/#breadcrumb"},"inLanguage":"es","potentialAction":[{"@type":"ReadAction","target":["https:\/\/www.fundacioiris.org\/entrevista-a-roser-boladeras-per-fecetc\/"]}]},{"@type":"ImageObject","inLanguage":"es","@id":"https:\/\/www.fundacioiris.org\/entrevista-a-roser-boladeras-per-fecetc\/#primaryimage","url":"https:\/\/www.fundacioiris.org\/wp-content\/uploads\/2024\/08\/dia-de-la-6.png","contentUrl":"https:\/\/www.fundacioiris.org\/wp-content\/uploads\/2024\/08\/dia-de-la-6.png","width":1600,"height":1200},{"@type":"BreadcrumbList","@id":"https:\/\/www.fundacioiris.org\/entrevista-a-roser-boladeras-per-fecetc\/#breadcrumb","itemListElement":[{"@type":"ListItem","position":1,"name":"Inici","item":"https:\/\/www.fundacioiris.org\/es\/"},{"@type":"ListItem","position":2,"name":"Entrevista a Roser Boladeras por FECETC"}]},{"@type":"WebSite","@id":"https:\/\/www.fundacioiris.org\/es\/#website","url":"https:\/\/www.fundacioiris.org\/es\/","name":"Fundaci\u00f3 Iris","description":"Desde 1973 al lado de las personas con discapacidad intelectual","potentialAction":[{"@type":"SearchAction","target":{"@type":"EntryPoint","urlTemplate":"https:\/\/www.fundacioiris.org\/es\/?s={search_term_string}"},"query-input":{"@type":"PropertyValueSpecification","valueRequired":true,"valueName":"search_term_string"}}],"inLanguage":"es"},{"@type":"Person","@id":"https:\/\/www.fundacioiris.org\/es\/#\/schema\/person\/3424a3bd8939b591fd8b648e56175712","name":"fundacioiris","image":{"@type":"ImageObject","inLanguage":"es","@id":"https:\/\/www.fundacioiris.org\/es\/#\/schema\/person\/image\/","url":"https:\/\/secure.gravatar.com\/avatar\/389e9312672899cc87be3bfec5844e8c?s=96&d=mm&r=g","contentUrl":"https:\/\/secure.gravatar.com\/avatar\/389e9312672899cc87be3bfec5844e8c?s=96&d=mm&r=g","caption":"fundacioiris"},"sameAs":["https:\/\/www.facebook.com\/fundacioiris","https:\/\/www.instagram.com\/fundacio_iris\/","https:\/\/www.linkedin.com\/company\/fundaci-privada-iris\/?originalSubdomain=es"]}]}},"_links":{"self":[{"href":"https:\/\/www.fundacioiris.org\/es\/wp-json\/wp\/v2\/posts\/4195"}],"collection":[{"href":"https:\/\/www.fundacioiris.org\/es\/wp-json\/wp\/v2\/posts"}],"about":[{"href":"https:\/\/www.fundacioiris.org\/es\/wp-json\/wp\/v2\/types\/post"}],"author":[{"embeddable":true,"href":"https:\/\/www.fundacioiris.org\/es\/wp-json\/wp\/v2\/users\/3"}],"replies":[{"embeddable":true,"href":"https:\/\/www.fundacioiris.org\/es\/wp-json\/wp\/v2\/comments?post=4195"}],"version-history":[{"count":1,"href":"https:\/\/www.fundacioiris.org\/es\/wp-json\/wp\/v2\/posts\/4195\/revisions"}],"predecessor-version":[{"id":4196,"href":"https:\/\/www.fundacioiris.org\/es\/wp-json\/wp\/v2\/posts\/4195\/revisions\/4196"}],"wp:featuredmedia":[{"embeddable":true,"href":"https:\/\/www.fundacioiris.org\/es\/wp-json\/wp\/v2\/media\/4194"}],"wp:attachment":[{"href":"https:\/\/www.fundacioiris.org\/es\/wp-json\/wp\/v2\/media?parent=4195"}],"wp:term":[{"taxonomy":"category","embeddable":true,"href":"https:\/\/www.fundacioiris.org\/es\/wp-json\/wp\/v2\/categories?post=4195"},{"taxonomy":"post_tag","embeddable":true,"href":"https:\/\/www.fundacioiris.org\/es\/wp-json\/wp\/v2\/tags?post=4195"}],"curies":[{"name":"wp","href":"https:\/\/api.w.org\/{rel}","templated":true}]}}